{"id":143804,"date":"2022-03-23T14:18:03","date_gmt":"2022-03-23T18:18:03","guid":{"rendered":"https:\/\/linitiative.ca\/International\/la-vice-presidente-de-la-bad-en-visite-au-maroc-du-24-au-29-mars\/"},"modified":"2022-03-23T14:18:03","modified_gmt":"2022-03-23T18:18:03","slug":"la-vice-presidente-de-la-bad-en-visite-au-maroc-du-24-au-29-mars","status":"publish","type":"post","link":"https:\/\/linitiative.ca\/International\/la-vice-presidente-de-la-bad-en-visite-au-maroc-du-24-au-29-mars\/","title":{"rendered":"La vice-pr\u00e9sidente de la BAD en visite au Maroc du 24 au 29 mars"},"content":{"rendered":"<div>\n<p><img decoding=\"async\" width=\"2048\" height=\"1080\" src=\"https:\/\/linitiative.ca\/International\/wp-content\/uploads\/sites\/23\/2022\/03\/16480594831422.jpg\" class=\"attachment-post-thumbnail size-post-thumbnail wp-post-image\" alt=\"\" loading=\"lazy\" srcset=\"https:\/\/linitiative.ca\/International\/wp-content\/uploads\/sites\/23\/2022\/03\/16480594831422.jpg 2048w, https:\/\/www.journalducameroun.com\/wp-content\/uploads\/2022\/03\/16480594831422-300x158.jpg 300w, https:\/\/www.journalducameroun.com\/wp-content\/uploads\/2022\/03\/16480594831422-1024x540.jpg 1024w, https:\/\/www.journalducameroun.com\/wp-content\/uploads\/2022\/03\/16480594831422-768x405.jpg 768w, https:\/\/www.journalducameroun.com\/wp-content\/uploads\/2022\/03\/16480594831422-1536x810.jpg 1536w, https:\/\/www.journalducameroun.com\/wp-content\/uploads\/2022\/03\/16480594831422-834x440.jpg 834w, https:\/\/www.journalducameroun.com\/wp-content\/uploads\/2022\/03\/16480594831422-600x316.jpg 600w\" sizes=\"auto, (max-width: 2048px) 100vw, 2048px\"><\/p>\n<p>La vice-pr\u00e9sidente du Groupe de la Banque africaine de d\u00e9veloppement en charge de l&rsquo;Agriculture et du D\u00e9veloppement humain et social, Beth Dunford effectuera, du 24 au 29 mars, une visite de travail au Maroc, a annonc\u00e9 la BAD dans un communiqu\u00e9.Au programme: des rencontres avec de hauts responsables marocains dont notamment Nizar Baraka, ministre de l&rsquo;\u00c9quipement et de l&rsquo;Eau, Mohamed Sadiki, ministre de l&rsquo;Agriculture, ainsi que Fouzi Lekjaa, ministre d\u00e9l\u00e9gu\u00e9 aupr\u00e8s du ministre de l&rsquo;\u00c9conomie, charg\u00e9 du Budget.<\/p>\n<p>Ces entretiens devraient permettre de tracer les perspectives de d\u00e9veloppement du partenariat entre le Groupe de la Banque et le Maroc, indique-t-on.<\/p>\n<p>La vice-pr\u00e9sidente effectuera \u00e9galement une visite de terrain pour s&rsquo;enqu\u00e9rir de l&rsquo;impact des op\u00e9rations financ\u00e9es par la Banque. Elle se rendra notamment \u00e0 une station de traitement d&rsquo;eau desservant la population de Marrakech.<\/p>\n<p>Cette visite de la vice-pr\u00e9sidente Dunford au Maroc s&rsquo;inscrit dans le cadre de l&rsquo;engagement constant de la Banque d&rsquo;appuyer une croissance tout \u00e0 la fois plus durable et inclusive pour les populations en Afrique.<\/p>\n<p>\u00ab\u00a0Le Maroc est un membre fondateur et un actionnaire important de la Banque. Il est aussi notre premier partenaire\u00a0\u00bb, a soulign\u00e9 la vice-pr\u00e9sidente Beth Dunford, cit\u00e9e dans le communiqu\u00e9.<\/p>\n<p>\u00ab\u00a0Son nouveau mod\u00e8le de d\u00e9veloppement traduit de fortes ambitions dans des secteurs strat\u00e9giques comme l&rsquo;eau et l&rsquo;agriculture. Nous venons de soutenir pour plus de 230 millions de dollars am\u00e9ricains ces secteurs afin de renforcer l&rsquo;acc\u00e8s \u00e0 l&rsquo;eau potable et consolider la r\u00e9silience climatique de l&rsquo;agriculture dans un contexte de s\u00e9cheresse sans pr\u00e9c\u00e9dent\u00a0\u00bb, a-t-elle ajout\u00e9.<\/p>\n<p>Le Maroc et le Groupe de la Banque africaine de d\u00e9veloppement entretiennent plus de cinquante ann\u00e9es de partenariat. L&rsquo;institution a allou\u00e9 plus de 12 milliards de dollars am\u00e9ricains de financements au Maroc. \u00c0 mars 2022, le portefeuille actif de la BAD totalise pr\u00e8s de 4 milliards de dollars r\u00e9partis dans les secteurs du d\u00e9veloppement social et humain, de l&rsquo;eau et de l&rsquo;assainissement, de l&rsquo;agriculture, de l&rsquo;\u00e9nergie, des transports et du secteur priv\u00e9.<\/p>\n<p>Cet article <a rel=\"nofollow\" href=\"https:\/\/www.journalducameroun.com\/la-vice-presidente-de-la-bad-en-visite-au-maroc-du-24-au-29-mars\/\">La vice-pr\u00e9sidente de la BAD en visite au Maroc du 24 au 29 mars<\/a> est apparu en premier sur <a rel=\"nofollow\" href=\"https:\/\/www.journalducameroun.com\/\">Journal du Cameroun<\/a>.<\/p>\n<\/div>\n<p>Auteur: APA News<br \/>\n<a href=\"https:\/\/www.journalducameroun.com\/la-vice-presidente-de-la-bad-en-visite-au-maroc-du-24-au-29-mars\/\">Cliquez ici pour lire l&rsquo;article depuis sa source.<\/a><\/p>\n","protected":false},"excerpt":{"rendered":"<p>La vice-pr\u00e9sidente du Groupe de la Banque africaine de d\u00e9veloppement en charge de l&rsquo;Agriculture et du D\u00e9veloppement humain et social, Beth Dunford effectuera, du 24 au 29 mars, une visite de travail au Maroc, a annonc\u00e9 la BAD dans un communiqu\u00e9.Au programme: des rencontres avec de hauts responsables marocains dont notamment Nizar Baraka, ministre de [&hellip;]<\/p>\n","protected":false},"author":1965,"featured_media":0,"comment_status":"closed","ping_status":"closed","sticky":false,"template":"","format":"standard","meta":{"fifu_image_url":"https:\/\/www.journalducameroun.com\/wp-content\/uploads\/2022\/03\/16480594831422.jpg","fifu_image_alt":"La vice-pr\u00e9sidente de la BAD en visite au Maroc du 24 au 29 mars","footnotes":""},"categories":[73,82],"tags":[],"class_list":["post-143804","post","type-post","status-publish","format-standard","hentry","category-actualite","category-cameroun"],"_links":{"self":[{"href":"https:\/\/linitiative.ca\/International\/wp-json\/wp\/v2\/posts\/143804","targetHints":{"allow":["GET"]}}],"collection":[{"href":"https:\/\/linitiative.ca\/International\/wp-json\/wp\/v2\/posts"}],"about":[{"href":"https:\/\/linitiative.ca\/International\/wp-json\/wp\/v2\/types\/post"}],"author":[{"embeddable":true,"href":"https:\/\/linitiative.ca\/International\/wp-json\/wp\/v2\/users\/1965"}],"replies":[{"embeddable":true,"href":"https:\/\/linitiative.ca\/International\/wp-json\/wp\/v2\/comments?post=143804"}],"version-history":[{"count":0,"href":"https:\/\/linitiative.ca\/International\/wp-json\/wp\/v2\/posts\/143804\/revisions"}],"wp:attachment":[{"href":"https:\/\/linitiative.ca\/International\/wp-json\/wp\/v2\/media?parent=143804"}],"wp:term":[{"taxonomy":"category","embeddable":true,"href":"https:\/\/linitiative.ca\/International\/wp-json\/wp\/v2\/categories?post=143804"},{"taxonomy":"post_tag","embeddable":true,"href":"https:\/\/linitiative.ca\/International\/wp-json\/wp\/v2\/tags?post=143804"}],"curies":[{"name":"wp","href":"https:\/\/api.w.org\/{rel}","templated":true}]}}