{"id":143808,"date":"2022-03-23T16:18:02","date_gmt":"2022-03-23T20:18:02","guid":{"rendered":"https:\/\/linitiative.ca\/International\/la-banque-mondiale-disposee-a-renforcer-son-soutien-au-developpement-du-maroc\/"},"modified":"2022-03-23T16:18:02","modified_gmt":"2022-03-23T20:18:02","slug":"la-banque-mondiale-disposee-a-renforcer-son-soutien-au-developpement-du-maroc","status":"publish","type":"post","link":"https:\/\/linitiative.ca\/International\/la-banque-mondiale-disposee-a-renforcer-son-soutien-au-developpement-du-maroc\/","title":{"rendered":"La Banque mondiale dispos\u00e9e \u00e0 renforcer son soutien au d\u00e9veloppement du Maroc"},"content":{"rendered":"<div>\n<p><img decoding=\"async\" width=\"1024\" height=\"682\" src=\"https:\/\/linitiative.ca\/International\/wp-content\/uploads\/sites\/23\/2022\/03\/16480666835982.jpg\" class=\"attachment-post-thumbnail size-post-thumbnail wp-post-image\" alt=\"\" loading=\"lazy\" srcset=\"https:\/\/linitiative.ca\/International\/wp-content\/uploads\/sites\/23\/2022\/03\/16480666835982.jpg 1024w, https:\/\/www.journalducameroun.com\/wp-content\/uploads\/2022\/03\/16480666835982-300x200.jpg 300w, https:\/\/www.journalducameroun.com\/wp-content\/uploads\/2022\/03\/16480666835982-768x512.jpg 768w, https:\/\/www.journalducameroun.com\/wp-content\/uploads\/2022\/03\/16480666835982-661x440.jpg 661w, https:\/\/www.journalducameroun.com\/wp-content\/uploads\/2022\/03\/16480666835982-600x400.jpg 600w\" sizes=\"auto, (max-width: 1024px) 100vw, 1024px\"><\/p>\n<p>La Banque mondiale est dispos\u00e9e \u00e0 renforcer son soutien aux efforts de d\u00e9veloppement \u00e9conomique et social du Maroc, a affirm\u00e9, mercredi \u00e0 Rabat, le pr\u00e9sident du Groupe de la Banque mondiale, David Malpass.Lors d&rsquo;une rencontre avec la ministre de l&rsquo;\u00c9conomie et des Finances, Nadia Fettah Alaoui, M. Malpass, en visite dans le Royaume, a f\u00e9licit\u00e9 le Maroc pour \u00ab\u00a0sa strat\u00e9gie efficace de relance \u00e9conomique\u00a0\u00bb, tout en faisant part, de la disposition de la Banque mondiale \u00e0 apporter son appui financier et technique aux diff\u00e9rents chantiers de r\u00e9formes prioritaires engag\u00e9s par le Royaume.<\/p>\n<p>Il a, de m\u00eame, r\u00e9affirm\u00e9 \u00ab\u00a0l&rsquo;engagement et la volont\u00e9\u00a0\u00bb du Groupe en vue de r\u00e9ussir l&rsquo;organisation des assembl\u00e9es annuelles de la Banque Mondiale et du Fonds mon\u00e9taire international (FMI), pr\u00e9vues en 2023 \u00e0 Marrakech.<\/p>\n<p>De son c\u00f4t\u00e9, Mme Fettah Alaoui s&rsquo;est f\u00e9licit\u00e9e de la qualit\u00e9 du partenariat \u00ab\u00a0exemplaire de longue date\u00a0\u00bb, qui lie le Royaume au Groupe de la Banque mondiale.<\/p>\n<p>La ministre a, en outre, pass\u00e9 en revue les principaux chantiers de r\u00e9formes prioritaires engag\u00e9s par le Maroc pour favoriser une reprise dynamique et renforcer la r\u00e9silience de l&rsquo;\u00e9conomie, citant, \u00e0 cet \u00e9gard, le plan de relance \u00e9conomique port\u00e9 par le Fonds Mohammed VI pour l&rsquo;investissement, le chantier de g\u00e9n\u00e9ralisation de la protection sociale et celui de la r\u00e9forme du secteur public.<\/p>\n<p>Dans ce cadre, la Banque mondiale a \u00e9t\u00e9 invit\u00e9e \u00e0 renforcer davantage son appui, tant financier que technique, \u00e0 la dynamique de r\u00e9formes engag\u00e9es par le gouvernement, a-t-elle indiqu\u00e9, tout en remerciant, par la m\u00eame occasion, le GBM et le FMI pour leur confiance dans le Maroc pour l&rsquo;organisation des assembl\u00e9es annuelles 2023, apr\u00e8s un premier report.<\/p>\n<p>Le portefeuille actif de la Banque mondiale au Maroc comprend 20 projets de la Banque internationale pour la reconstruction et le d\u00e9veloppement (BIRD) pour un total de 5,2 milliards de dollars. Au cours de la derni\u00e8re ann\u00e9e fiscale, la Banque mondiale a engag\u00e9 un montant global record de 1,8 milliard de dollars, faisant du Maroc l&rsquo;un des plus importants b\u00e9n\u00e9ficiaires.<\/p>\n<p>Au cours de l&rsquo;ann\u00e9e civile 2021, la Soci\u00e9t\u00e9 financi\u00e8re internationale a investi 447 millions de dollars au Maroc.<\/p>\n<p>Cet article <a rel=\"nofollow\" href=\"https:\/\/www.journalducameroun.com\/la-banque-mondiale-disposee-a-renforcer-son-soutien-au-developpement-du-maroc\/\">La Banque mondiale dispos\u00e9e \u00e0 renforcer son soutien au d\u00e9veloppement du Maroc<\/a> est apparu en premier sur <a rel=\"nofollow\" href=\"https:\/\/www.journalducameroun.com\/\">Journal du Cameroun<\/a>.<\/p>\n<\/div>\n<p>Auteur: APA News<br \/>\n<a href=\"https:\/\/www.journalducameroun.com\/la-banque-mondiale-disposee-a-renforcer-son-soutien-au-developpement-du-maroc\/\">Cliquez ici pour lire l&rsquo;article depuis sa source.<\/a><\/p>\n","protected":false},"excerpt":{"rendered":"<p>La Banque mondiale est dispos\u00e9e \u00e0 renforcer son soutien aux efforts de d\u00e9veloppement \u00e9conomique et social du Maroc, a affirm\u00e9, mercredi \u00e0 Rabat, le pr\u00e9sident du Groupe de la Banque mondiale, David Malpass.Lors d&rsquo;une rencontre avec la ministre de l&rsquo;\u00c9conomie et des Finances, Nadia Fettah Alaoui, M. Malpass, en visite dans le Royaume, a f\u00e9licit\u00e9 [&hellip;]<\/p>\n","protected":false},"author":1965,"featured_media":0,"comment_status":"closed","ping_status":"closed","sticky":false,"template":"","format":"standard","meta":{"fifu_image_url":"https:\/\/www.journalducameroun.com\/wp-content\/uploads\/2022\/03\/16480666835982.jpg","fifu_image_alt":"La Banque mondiale dispos\u00e9e \u00e0 renforcer son soutien au d\u00e9veloppement du Maroc","footnotes":""},"categories":[73,82],"tags":[],"class_list":["post-143808","post","type-post","status-publish","format-standard","hentry","category-actualite","category-cameroun"],"_links":{"self":[{"href":"https:\/\/linitiative.ca\/International\/wp-json\/wp\/v2\/posts\/143808","targetHints":{"allow":["GET"]}}],"collection":[{"href":"https:\/\/linitiative.ca\/International\/wp-json\/wp\/v2\/posts"}],"about":[{"href":"https:\/\/linitiative.ca\/International\/wp-json\/wp\/v2\/types\/post"}],"author":[{"embeddable":true,"href":"https:\/\/linitiative.ca\/International\/wp-json\/wp\/v2\/users\/1965"}],"replies":[{"embeddable":true,"href":"https:\/\/linitiative.ca\/International\/wp-json\/wp\/v2\/comments?post=143808"}],"version-history":[{"count":0,"href":"https:\/\/linitiative.ca\/International\/wp-json\/wp\/v2\/posts\/143808\/revisions"}],"wp:attachment":[{"href":"https:\/\/linitiative.ca\/International\/wp-json\/wp\/v2\/media?parent=143808"}],"wp:term":[{"taxonomy":"category","embeddable":true,"href":"https:\/\/linitiative.ca\/International\/wp-json\/wp\/v2\/categories?post=143808"},{"taxonomy":"post_tag","embeddable":true,"href":"https:\/\/linitiative.ca\/International\/wp-json\/wp\/v2\/tags?post=143808"}],"curies":[{"name":"wp","href":"https:\/\/api.w.org\/{rel}","templated":true}]}}