{"id":143810,"date":"2022-03-23T16:18:03","date_gmt":"2022-03-23T20:18:03","guid":{"rendered":"https:\/\/linitiative.ca\/International\/le-ministre-espagnol-des-ae-en-visite-au-maroc-le-1er-avril\/"},"modified":"2022-03-23T16:18:03","modified_gmt":"2022-03-23T20:18:03","slug":"le-ministre-espagnol-des-ae-en-visite-au-maroc-le-1er-avril","status":"publish","type":"post","link":"https:\/\/linitiative.ca\/International\/le-ministre-espagnol-des-ae-en-visite-au-maroc-le-1er-avril\/","title":{"rendered":"Le ministre espagnol des AE en visite au Maroc le 1er avril\u00a0"},"content":{"rendered":"<div>\n<p><img decoding=\"async\" width=\"920\" height=\"490\" src=\"https:\/\/linitiative.ca\/International\/wp-content\/uploads\/sites\/23\/2022\/03\/16480666839601.jpg\" class=\"attachment-post-thumbnail size-post-thumbnail wp-post-image\" alt=\"\" loading=\"lazy\" srcset=\"https:\/\/linitiative.ca\/International\/wp-content\/uploads\/sites\/23\/2022\/03\/16480666839601.jpg 920w, https:\/\/www.journalducameroun.com\/wp-content\/uploads\/2022\/03\/16480666839601-300x160.jpg 300w, https:\/\/www.journalducameroun.com\/wp-content\/uploads\/2022\/03\/16480666839601-768x409.jpg 768w, https:\/\/www.journalducameroun.com\/wp-content\/uploads\/2022\/03\/16480666839601-826x440.jpg 826w, https:\/\/www.journalducameroun.com\/wp-content\/uploads\/2022\/03\/16480666839601-600x320.jpg 600w\" sizes=\"auto, (max-width: 920px) 100vw, 920px\"><\/p>\n<p>Le ministre espagnol des Affaires \u00e9trang\u00e8res, de l&rsquo;Union europ\u00e9enne et de la Coop\u00e9ration, Jos\u00e9 Manuel Albares, a annonc\u00e9, mercredi, qu&rsquo;il effectuera une visite au Maroc le 1er avril.<br \/>\n\tLe chef de la diplomatie espagnole, qui a fait cette annonce devant la Commission des Affaires \u00e9trang\u00e8res du Congr\u00e8s des d\u00e9put\u00e9s, a affirm\u00e9 qu&rsquo;il aura des entretiens notamment avec son homologue marocain, Nasser Bourita.<\/p>\n<p>\tL&rsquo;objectif de cette visite est de commencer \u00e0 pr\u00e9parer la \u00a0\u00bbnouvelle feuille de route\u00a0\u00bb avec le Maroc qui concerne le renforcement des relations bilat\u00e9rales dans tous les domaines, la redynamisation des groupes de travail et la consolidation de la coop\u00e9ration dans tous les domaines, a-t-il ajout\u00e9. La visite de M. Albares au Maroc fait suite aux positions positives et aux engagements constructifs de l&rsquo;Espagne au sujet de la question du Sahara marocain, contenus dans le message adress\u00e9 \u00e0 SM le Roi Mohammed VI par le Pr\u00e9sident du Gouvernement d&rsquo;Espagne, Pedro S\u00e1nchez.<\/p>\n<p>\tLes termes de ce message permettent d&rsquo;envisager une feuille de route claire et ambitieuse afin d&rsquo;inscrire, durablement, le partenariat bilat\u00e9ral dans le cadre des bases et des param\u00e8tres nouveaux soulign\u00e9s dans le Discours Royal du 20 ao\u00fbt dernier, avait indiqu\u00e9 un communiqu\u00e9 du minist\u00e8re des Affaires \u00e9trang\u00e8res, de la Coop\u00e9ration africaine et des Marocains r\u00e9sidant \u00e0 l&rsquo;\u00e9tranger.<\/p>\n<p>Cet article <a rel=\"nofollow\" href=\"https:\/\/www.journalducameroun.com\/le-ministre-espagnol-des-ae-en-visite-au-maroc-le-1er-avril\/\">Le ministre espagnol des AE en visite au Maroc le 1er avril\u00a0<\/a> est apparu en premier sur <a rel=\"nofollow\" href=\"https:\/\/www.journalducameroun.com\/\">Journal du Cameroun<\/a>.<\/p>\n<\/div>\n<p>Auteur: APA News<br \/>\n<a href=\"https:\/\/www.journalducameroun.com\/le-ministre-espagnol-des-ae-en-visite-au-maroc-le-1er-avril\/\">Cliquez ici pour lire l&rsquo;article depuis sa source.<\/a><\/p>\n","protected":false},"excerpt":{"rendered":"<p>Le ministre espagnol des Affaires \u00e9trang\u00e8res, de l&rsquo;Union europ\u00e9enne et de la Coop\u00e9ration, Jos\u00e9 Manuel Albares, a annonc\u00e9, mercredi, qu&rsquo;il effectuera une visite au Maroc le 1er avril. Le chef de la diplomatie espagnole, qui a fait cette annonce devant la Commission des Affaires \u00e9trang\u00e8res du Congr\u00e8s des d\u00e9put\u00e9s, a affirm\u00e9 qu&rsquo;il aura des entretiens [&hellip;]<\/p>\n","protected":false},"author":1965,"featured_media":0,"comment_status":"closed","ping_status":"closed","sticky":false,"template":"","format":"standard","meta":{"fifu_image_url":"https:\/\/www.journalducameroun.com\/wp-content\/uploads\/2022\/03\/16480666839601.jpg","fifu_image_alt":"Le ministre espagnol des AE en visite au Maroc le 1er avril\u00a0","footnotes":""},"categories":[73,82],"tags":[],"class_list":["post-143810","post","type-post","status-publish","format-standard","hentry","category-actualite","category-cameroun"],"_links":{"self":[{"href":"https:\/\/linitiative.ca\/International\/wp-json\/wp\/v2\/posts\/143810","targetHints":{"allow":["GET"]}}],"collection":[{"href":"https:\/\/linitiative.ca\/International\/wp-json\/wp\/v2\/posts"}],"about":[{"href":"https:\/\/linitiative.ca\/International\/wp-json\/wp\/v2\/types\/post"}],"author":[{"embeddable":true,"href":"https:\/\/linitiative.ca\/International\/wp-json\/wp\/v2\/users\/1965"}],"replies":[{"embeddable":true,"href":"https:\/\/linitiative.ca\/International\/wp-json\/wp\/v2\/comments?post=143810"}],"version-history":[{"count":0,"href":"https:\/\/linitiative.ca\/International\/wp-json\/wp\/v2\/posts\/143810\/revisions"}],"wp:attachment":[{"href":"https:\/\/linitiative.ca\/International\/wp-json\/wp\/v2\/media?parent=143810"}],"wp:term":[{"taxonomy":"category","embeddable":true,"href":"https:\/\/linitiative.ca\/International\/wp-json\/wp\/v2\/categories?post=143810"},{"taxonomy":"post_tag","embeddable":true,"href":"https:\/\/linitiative.ca\/International\/wp-json\/wp\/v2\/tags?post=143810"}],"curies":[{"name":"wp","href":"https:\/\/api.w.org\/{rel}","templated":true}]}}