{"id":143812,"date":"2022-03-23T12:09:48","date_gmt":"2022-03-23T16:09:48","guid":{"rendered":"https:\/\/linitiative.ca\/International\/complexe-sportif-dolembe-des-sous-traitants-de-magil-interpelles-pour-avoir-revendique-le-paiement-dune-dette-d13-milliard-de-fcfa\/"},"modified":"2022-03-23T12:09:48","modified_gmt":"2022-03-23T16:09:48","slug":"complexe-sportif-dolembe-des-sous-traitants-de-magil-interpelles-pour-avoir-revendique-le-paiement-dune-dette-d13-milliard-de-fcfa","status":"publish","type":"post","link":"https:\/\/linitiative.ca\/International\/complexe-sportif-dolembe-des-sous-traitants-de-magil-interpelles-pour-avoir-revendique-le-paiement-dune-dette-d13-milliard-de-fcfa\/","title":{"rendered":"Complexe sportif d\u2019Olemb\u00e9\u00a0: des sous-traitants de Magil interpell\u00e9s pour avoir revendiqu\u00e9 le paiement d\u2019une dette d\u20191,3 milliard de FCFA"},"content":{"rendered":"<div>\n<p>Depuis la fin de la Coupe d\u2019Afrique des Nations (CAN) de football 2021, les travaux n\u2019ont pas repris sur le chantier du complexe sportif d\u2019Olemb\u00e9. Et pourtant, d\u00e8s la fin de cette comp\u00e9tition, le vice-pr\u00e9sident des op\u00e9rations de l\u2019entreprise canadienne Magil Construction, Frank Mathiere, avait clairement annonc\u00e9 le d\u00e9marrage imminent de la deuxi\u00e8me phase de construction dudit complexe avec ses autres composantes. \u00ab\u00a0L\u2019aventure continue avec la seconde phase du projet sur le complexe d\u2019Olemb\u00e9 \u00bb, avait-il indiqu\u00e9 le 8 f\u00e9vrier dernier sur son compte LinkedIn.<\/p>\n<p><strong>Lire aussi : <a href=\"https:\/\/ecomatin.net\/penetrante-est-de-douala-le-canadien-magil-percoit-une-avance-de-30-milliards-pour-la-reprise-des-travaux\/\">P\u00e9n\u00e9trante Est de Douala\u00a0: le canadien Magil per\u00e7oit une avance de 30 milliards pour la reprise des travaux<\/a><\/strong><\/p>\n<p>Plus d\u2019un mois et demi apr\u00e8s, il n\u2019en est toujours rien. L\u2019entreprise est plong\u00e9e au c\u0153ur des tumultes et a maille \u00e0 partir avec ses sous-traitants. Il s\u2019agit des entreprises qu\u2019elle a mobilis\u00e9es pour des travaux d\u2019urgence pendant la CAN, lesquelles n\u2019ont toujours pas \u00e9t\u00e9 pay\u00e9es. Le journal \u00ab\u00a0Le Jour\u00a0\u00bb de ce mercredi 23 mars 2022 r\u00e9v\u00e8le que lesdits sous-traitants ont manifest\u00e9 mardi sur le site du chantier, et ont \u00e9t\u00e9 appr\u00e9hend\u00e9s sur ces entrefaites par la police et conduits manu militari dans les ge\u00f4les du Commissariat central n\u00b01 de la ville de Yaound\u00e9.<\/p>\n<p>\u00ab Nous avons voulu r\u00e9clamer le payement de nos prestations avant de terminer les travaux. Les gens de la pr\u00e9sidence sont venus nous demander de tout faire pour terminer ces travaux pour que la comp\u00e9tition se tienne, en nous donnant l\u2019assurance qu\u2019apr\u00e8s la Can, nous serons pay\u00e9s. La Can est termin\u00e9e depuis plus d\u2019un mois et personne ne s\u2019occupe de nos dossiers de payement. Les responsables de Magil sont rest\u00e9s muets quant \u00e0 nos revendications. Pourtant, ils ont re\u00e7u un payement de l\u2019Etat, il y a quelques jours, portant \u00e0 43 milliards Fcfa ce que l\u2019Etat leur a d\u00e9j\u00e0 revers\u00e9, sur les 55 milliards Fcfa \u00e0 payer \u00bb, r\u00e9v\u00e8le un responsable d\u2019une des entreprises en question, cit\u00e9 par le journal de Haman Mana.<\/p>\n<p><strong>1,3 milliard de FCFA<\/strong><\/p>\n<p>Ces sous-traitants ont visiblement sign\u00e9 des contrats avec le maitre d\u2019\u0153uvre pour des prestations diverses, et exigent le paiement d\u2019une ardoise d\u2019au moins 1,3 milliard de FCFA apprend-on. Il s\u2019agit notamment des soci\u00e9t\u00e9s GESE, Sartori,\u00a0 GES, Paradis des peintures, Soci\u00e9t\u00e9 NaNi, Soci\u00e9t\u00e9 Imegap, Cofali Sarl, Soci\u00e9t\u00e9 GMS, Perfect Company, Feujelart et Soci\u00e9t\u00e9 Winsolar.<\/p>\n<p><strong>Lire aussi <\/strong>: <strong><a href=\"https:\/\/ecomatin.net\/complexe-sportif-dolembe-piccini-et-le-cameroun-aux-portes-de-la-justice\/\">Complexe sportif d\u2019Olemb\u00e9\u00a0: Piccini et le Cameroun aux portes de la justice<\/a><\/strong><\/p>\n<p>Les sous-traitants croient savoir que le maitre d\u2019\u0153uvre Magil Construction a d\u00e9j\u00e0 per\u00e7u 43 milliards de FCFA, et que cet argent serait issu des 55 milliards de FCFA d\u2019emprunt contract\u00e9 par le Cameroun aupr\u00e8s de la Standard Chartered Bank of London. Au demeurant, le contrat initialement sign\u00e9 entre le Cameroun et Magil Construction s\u2019\u00e9l\u00e8verait \u00e0 27 milliards de FCFA, pour l\u2019ach\u00e8vement des travaux du stade de 60\u00a0000 places et des deux stades annexes, outre la construction d\u2019un h\u00f4tel et d\u2019un centre commercial dans le projet du complexe.<\/p>\n<p>L\u2019entreprise canadienne ainsi mise sur le banc des accus\u00e9s, n\u2019a pas encore r\u00e9agi \u00e0 ces all\u00e9gations la concernant. EcoMatin a essay\u00e9 de contacter son directeur des op\u00e9rations, Frank Mathiere, pour tenter de d\u00e9m\u00ealer l\u2019\u00e9cheveau, mais en vain.<\/p>\n<p><strong>Lire aussi<\/strong> : <strong><a href=\"https:\/\/ecomatin.net\/lentreprise-gruppo-piccini-fait-une-mise-au-point-suite-a-la-polemique-des-surcouts-du-complexe-sportif-dolembe\/\">Stade d\u2019Olemb\u00e9: la version des faits de Gruppo Piccini<\/a><\/strong><\/p>\n<p>L\u2019article <a rel=\"nofollow\" href=\"https:\/\/ecomatin.net\/complexe-sportif-dolembe-des-sous-traitants-de-magil-interpelles-pour-avoir-revendique-le-paiement-dune-dette-d13-milliard-de-fcfa\/\">Complexe sportif d\u2019Olemb\u00e9\u00a0: des sous-traitants de Magil interpell\u00e9s pour avoir revendiqu\u00e9 le paiement d\u2019une dette d\u20191,3 milliard de FCFA<\/a> est apparu en premier sur <a rel=\"nofollow\" href=\"https:\/\/ecomatin.net\/\">EcoMatin<\/a>.<\/p>\n<\/div>\n<p>Auteur: Yannick KENNE<br \/>\n<a href=\"https:\/\/ecomatin.net\/complexe-sportif-dolembe-des-sous-traitants-de-magil-interpelles-pour-avoir-revendique-le-paiement-dune-dette-d13-milliard-de-fcfa\/\">Cliquez ici pour lire l&rsquo;article depuis sa source.<\/a><\/p>\n","protected":false},"excerpt":{"rendered":"<p>Depuis la fin de la Coupe d\u2019Afrique des Nations (CAN) de football 2021, les travaux n\u2019ont pas repris sur le chantier du complexe sportif d\u2019Olemb\u00e9. Et pourtant, d\u00e8s la fin de cette comp\u00e9tition, le vice-pr\u00e9sident des op\u00e9rations de l\u2019entreprise canadienne Magil Construction, Frank Mathiere, avait clairement annonc\u00e9 le d\u00e9marrage imminent de la deuxi\u00e8me phase de [&hellip;]<\/p>\n","protected":false},"author":1969,"featured_media":0,"comment_status":"closed","ping_status":"closed","sticky":false,"template":"","format":"standard","meta":{"fifu_image_url":"","fifu_image_alt":"","footnotes":""},"categories":[82,78],"tags":[],"class_list":["post-143812","post","type-post","status-publish","format-standard","hentry","category-cameroun","category-economie"],"_links":{"self":[{"href":"https:\/\/linitiative.ca\/International\/wp-json\/wp\/v2\/posts\/143812","targetHints":{"allow":["GET"]}}],"collection":[{"href":"https:\/\/linitiative.ca\/International\/wp-json\/wp\/v2\/posts"}],"about":[{"href":"https:\/\/linitiative.ca\/International\/wp-json\/wp\/v2\/types\/post"}],"author":[{"embeddable":true,"href":"https:\/\/linitiative.ca\/International\/wp-json\/wp\/v2\/users\/1969"}],"replies":[{"embeddable":true,"href":"https:\/\/linitiative.ca\/International\/wp-json\/wp\/v2\/comments?post=143812"}],"version-history":[{"count":0,"href":"https:\/\/linitiative.ca\/International\/wp-json\/wp\/v2\/posts\/143812\/revisions"}],"wp:attachment":[{"href":"https:\/\/linitiative.ca\/International\/wp-json\/wp\/v2\/media?parent=143812"}],"wp:term":[{"taxonomy":"category","embeddable":true,"href":"https:\/\/linitiative.ca\/International\/wp-json\/wp\/v2\/categories?post=143812"},{"taxonomy":"post_tag","embeddable":true,"href":"https:\/\/linitiative.ca\/International\/wp-json\/wp\/v2\/tags?post=143812"}],"curies":[{"name":"wp","href":"https:\/\/api.w.org\/{rel}","templated":true}]}}