{"id":143816,"date":"2022-03-23T15:21:45","date_gmt":"2022-03-23T19:21:45","guid":{"rendered":"https:\/\/linitiative.ca\/International\/cameroun-la-hausse-du-prix-de-la-biere-se-precise\/"},"modified":"2022-03-23T15:21:45","modified_gmt":"2022-03-23T19:21:45","slug":"cameroun-la-hausse-du-prix-de-la-biere-se-precise","status":"publish","type":"post","link":"https:\/\/linitiative.ca\/International\/cameroun-la-hausse-du-prix-de-la-biere-se-precise\/","title":{"rendered":"Cameroun\u00a0: la hausse du prix de la bi\u00e8re se pr\u00e9cise"},"content":{"rendered":"<div>\n<p>Lors d\u2019un point de presse conjoint organis\u00e9 dans le cadre de la Cameroon Alcohol Producers Association (Capa), le 23 f\u00e9vrier dernier \u00e0 Yaound\u00e9, la Soci\u00e9t\u00e9 anonyme des brasseries du Cameroun (Sabc), l\u2019Union camerounaise des brasseries (Ucb) et Guinness Cameroon S.A avaient adress\u00e9 en creux, une requ\u00eate \u00e0 l\u2019attention des autorit\u00e9s camerounaises afin que celles-ci donnent leur aval pour une nouvelle hausse du prix de la bi\u00e8re. Leurs dirigeants pr\u00e9sents \u00e0 ce rendez-vous avaient invoqu\u00e9 d\u2019\u00e9normes pertes pour leurs entreprises depuis la survenue de la pand\u00e9mie du coronavirus avec les graves perturbations qu\u2019elle a occasionn\u00e9es sur la cha\u00eene d\u2019approvisionnement sur le march\u00e9 mondial, combin\u00e9es \u00e0 l\u2019explosion des cours des mati\u00e8res premi\u00e8res et du fret maritime \u2013 la hausse du prix du fret atteint jusqu\u2019\u00e0 400% au d\u00e9part de certains pays exportateurs. Ces pertes se sont aggrav\u00e9es depuis le d\u00e9but de la guerre en Ukraine et, selon le Groupement interpatronal du Cameroun (Gicam) qui a plaid\u00e9 le 18 mars dernier pour un nouvel ajustement du prix de la bi\u00e8re face au Premier ministre, aux ministres de l\u2019Economie, de l\u2019Industrie, de l\u2019Agriculture et du Commerce, la situation des mati\u00e8res premi\u00e8res et du fret a entra\u00een\u00e9 des surco\u00fbts de 20% sur la production d\u2019un hectolitre de bi\u00e8re et des pertes cumul\u00e9es d\u2019au moins 44 milliards Fcfa chez les brasseurs camerounais.<\/p>\n<p><strong>Lire aussi : <a href=\"https:\/\/ecomatin.net\/debits-de-boissons-les-exploitants-font-mousser-une-nouvelle-hausse-du-prix-de-la-biere\/\">D\u00e9bits de boissons: les exploitants font mousser une nouvelle hausse du prix de la bi\u00e8re<\/a><\/strong><\/p>\n<p>Le plus grand mouvement patronal du Cameroun plaide pour une r\u00e9vision du prix \u00e0 hauteur de 8% par sur la bouteille de 65 centilitres de bi\u00e8re, soit 50 Fcfa de plus sur le prix public conseill\u00e9 actuel, fix\u00e9 de commun accord entre les soci\u00e9t\u00e9s brassicoles et le gouvernement en 2019. Pour l\u2019ann\u00e9e 2022, cet ajustement devrait permettre aux entreprises du secteur de r\u00e9cup\u00e9rer 28 milliards Fcfa sur les surco\u00fbts d\u2019importations. Le Gicam pr\u00e9sente l\u2019industrie brassicole locale comme \u00e9tant celles qui est le plus expos\u00e9e aux facteurs exog\u00e8nes, tant \u00ab\u00a0elle utilise massivement des mati\u00e8res premi\u00e8res, des emballages, des \u00e9quipements et des pi\u00e8ces de rechange majoritairement import\u00e9s, l\u2019offre locale \u00e9tant soit insuffisante soit inexistante\u00a0\u00bb. Si la requ\u00eate du Gicam recevait un \u00e9cho favorable du gouvernement, cet ajustement \u00e0 la hausse du prix de la bi\u00e8re serait une fois de plus imput\u00e9e au consommateur final, qui a d\u00e9j\u00e0 du mal \u00e0 avaler la pilule am\u00e8re de l\u2019augmentation du prix du sac de farine de bl\u00e9 de 50 kilogrammes (+5000 Fcfa) et de la baguette de pain (+50 Fcfa).<\/p>\n<p><strong>Lire aussi : <a href=\"https:\/\/ecomatin.net\/prix-de-la-biere-le-ministre-du-commerce-recadre-les-societes-brassicoles\/\">Prix de la bi\u00e8re: le ministre du Commerce recadre les soci\u00e9t\u00e9s brassicoles<\/a><\/strong><\/p>\n<p>L\u2019article <a rel=\"nofollow\" href=\"https:\/\/ecomatin.net\/cameroun-la-hausse-e-du-prix-x-de-la-biere-se-precise\/\">Cameroun\u00a0: la hausse du prix de la bi\u00e8re se pr\u00e9cise<\/a> est apparu en premier sur <a rel=\"nofollow\" href=\"https:\/\/ecomatin.net\/\">EcoMatin<\/a>.<\/p>\n<\/div>\n<p>Auteur: EcoMatin<br \/>\n<a href=\"https:\/\/ecomatin.net\/cameroun-la-hausse-e-du-prix-x-de-la-biere-se-precise\/\">Cliquez ici pour lire l&rsquo;article depuis sa source.<\/a><\/p>\n","protected":false},"excerpt":{"rendered":"<p>Lors d\u2019un point de presse conjoint organis\u00e9 dans le cadre de la Cameroon Alcohol Producers Association (Capa), le 23 f\u00e9vrier dernier \u00e0 Yaound\u00e9, la Soci\u00e9t\u00e9 anonyme des brasseries du Cameroun (Sabc), l\u2019Union camerounaise des brasseries (Ucb) et Guinness Cameroon S.A avaient adress\u00e9 en creux, une requ\u00eate \u00e0 l\u2019attention des autorit\u00e9s camerounaises afin que celles-ci donnent [&hellip;]<\/p>\n","protected":false},"author":1969,"featured_media":0,"comment_status":"closed","ping_status":"closed","sticky":false,"template":"","format":"standard","meta":{"fifu_image_url":"","fifu_image_alt":"","footnotes":""},"categories":[82,78],"tags":[],"class_list":["post-143816","post","type-post","status-publish","format-standard","hentry","category-cameroun","category-economie"],"_links":{"self":[{"href":"https:\/\/linitiative.ca\/International\/wp-json\/wp\/v2\/posts\/143816","targetHints":{"allow":["GET"]}}],"collection":[{"href":"https:\/\/linitiative.ca\/International\/wp-json\/wp\/v2\/posts"}],"about":[{"href":"https:\/\/linitiative.ca\/International\/wp-json\/wp\/v2\/types\/post"}],"author":[{"embeddable":true,"href":"https:\/\/linitiative.ca\/International\/wp-json\/wp\/v2\/users\/1969"}],"replies":[{"embeddable":true,"href":"https:\/\/linitiative.ca\/International\/wp-json\/wp\/v2\/comments?post=143816"}],"version-history":[{"count":0,"href":"https:\/\/linitiative.ca\/International\/wp-json\/wp\/v2\/posts\/143816\/revisions"}],"wp:attachment":[{"href":"https:\/\/linitiative.ca\/International\/wp-json\/wp\/v2\/media?parent=143816"}],"wp:term":[{"taxonomy":"category","embeddable":true,"href":"https:\/\/linitiative.ca\/International\/wp-json\/wp\/v2\/categories?post=143816"},{"taxonomy":"post_tag","embeddable":true,"href":"https:\/\/linitiative.ca\/International\/wp-json\/wp\/v2\/tags?post=143816"}],"curies":[{"name":"wp","href":"https:\/\/api.w.org\/{rel}","templated":true}]}}