{"id":143817,"date":"2022-03-24T08:05:54","date_gmt":"2022-03-24T12:05:54","guid":{"rendered":"https:\/\/linitiative.ca\/International\/maroc-union-europeenne-lancement-dun-projet-de-jumelage-pour-le-renforcement-du-secteur-postal\/"},"modified":"2022-03-24T08:05:54","modified_gmt":"2022-03-24T12:05:54","slug":"maroc-union-europeenne-lancement-dun-projet-de-jumelage-pour-le-renforcement-du-secteur-postal","status":"publish","type":"post","link":"https:\/\/linitiative.ca\/International\/maroc-union-europeenne-lancement-dun-projet-de-jumelage-pour-le-renforcement-du-secteur-postal\/","title":{"rendered":"Maroc-Union europ\u00e9enne : Lancement d\u2019un projet de jumelage pour  le renforcement du secteur postal"},"content":{"rendered":"<div>\n<p><img loading=\"lazy\" decoding=\"async\" width=\"300\" height=\"153\" src=\"https:\/\/linitiative.ca\/International\/wp-content\/uploads\/sites\/23\/2022\/03\/ue-maroc-300x153-1.jpg\" class=\"attachment-medium size-medium wp-post-image\" alt=\"\" srcset=\"https:\/\/linitiative.ca\/International\/wp-content\/uploads\/sites\/23\/2022\/03\/ue-maroc-300x153-1.jpg 300w, https:\/\/aujourdhui.ma\/wp-content\/uploads\/2022\/03\/ue-maroc-274x140.jpg 274w, https:\/\/aujourdhui.ma\/wp-content\/uploads\/2022\/03\/ue-maroc.jpg 746w, https:\/\/aujourdhui.ma\/wp-content\/uploads\/2022\/03\/ue-maroc-165x84.jpg 165w, https:\/\/aujourdhui.ma\/wp-content\/uploads\/2022\/03\/ue-maroc-702x358.jpg 702w\" sizes=\"auto, (max-width: 300px) 100vw, 300px\"><\/p>\n<p><span style=\"font-size: 20px; color: #800000;\"><strong>Un projet de jumelage entre le Maroc et l\u2019Union europ\u00e9enne (UE) a \u00e9t\u00e9 lanc\u00e9, mercredi \u00e0 Rabat, pour l\u2019appui et le renforcement des capacit\u00e9s de r\u00e9gulation du secteur postal national.<\/strong><\/span><br \/>\n<span id=\"more-403374\"><\/span><\/p>\n<p>Inscrit au programme de coop\u00e9ration multisectoriel \u00abR\u00e9ussir le statut avanc\u00e9\u00bb (RSA), ce projet de jumelage a pour objectif de mettre en place un cadre l\u00e9gislatif et structurel de r\u00e9gulation de la poste, visant la modernisation de ses services et une meilleure d\u00e9finition de ses fonctions, notamment la r\u00e9gulation, la r\u00e9glementation et l\u2019exploitation. Il s\u2019articule ainsi autour de trois axes\/actions, \u00e0 savoir l\u2019accompagnement \u00e0 la mise en place de l\u2019Observatoire du march\u00e9 postal et du M\u00e9diateur postal, ainsi que le renforcement des capacit\u00e9s institutionnelles et m\u00e9thodologiques dans le domaine de la r\u00e9gulation du secteur postal, et ce au moyen d\u2019un plan de formation permettant de disposer des donn\u00e9es et des comp\u00e9tences techniques n\u00e9cessaires \u00e0 toutes les activit\u00e9s couvertes par le dispositif de r\u00e9gulation postale au Maroc.<\/p>\n<p>S\u2019exprimant \u00e0 cette occasion, le ministre de l\u2019industrie et du commerce, Ryad Mezzour, a indiqu\u00e9 que le secteur postal est un secteur prioritaire qui est, aujourd\u2019hui, au c\u0153ur du partenariat avec l\u2019UE, notant qu\u2019\u00e0 l\u2019instar d\u2019autres axes de la coop\u00e9ration, celui-ci permettra au secteur postal marocain de redorer son image, en gagnant en efficacit\u00e9. Cela passera par la mise en \u0153uvre d\u2019un plan d\u2019action cibl\u00e9 et d\u2019un dispositif de r\u00e9gulation bien rod\u00e9, mais aussi par la formation de comp\u00e9tences \u00e0 m\u00eame de mener ce projet vers le succ\u00e8s escompt\u00e9, a-t-il fait valoir.<\/p>\n<p>En outre, M. Mezzour a relev\u00e9 qu\u2019aucun effort ne sera m\u00e9nag\u00e9 avec le partenaire du Royaume pour que ce secteur puisse jouer pleinement son r\u00f4le aupr\u00e8s des citoyens. Pour sa part, l\u2019ambassadrice de France au Maroc, H\u00e9l\u00e8ne Le Gal, a fait savoir que la mise en \u0153uvre de ce jumelage constitue une nouvelle opportunit\u00e9 de renforcer le partenariat d\u2019exception qui lie le Maroc et la France, notant que les deux pays ont d\u00e9velopp\u00e9 une coop\u00e9ration forte et ancienne en mati\u00e8re postale.<br \/>\nA cet \u00e9gard, elle a soulign\u00e9 que les experts fran\u00e7ais seront particuli\u00e8rement \u00e0 m\u00eame d\u2019accompagner le minist\u00e8re de l\u2019industrie et du commerce dans le d\u00e9veloppement des capacit\u00e9s de r\u00e9gulation du secteur postal marocain.<\/p>\n<\/div>\n<p>Auteur: ALM<br \/>\n<a href=\"https:\/\/aujourdhui.ma\/economie\/maroc-union-europeenne-lancement-dun-projet-de-jumelage-pour-le-renforcement-du-secteur-postal\">Cliquez ici pour lire l&rsquo;article depuis sa source.<\/a><\/p>\n","protected":false},"excerpt":{"rendered":"<p>Un projet de jumelage entre le Maroc et l\u2019Union europ\u00e9enne (UE) a \u00e9t\u00e9 lanc\u00e9, mercredi \u00e0 Rabat, pour l\u2019appui et le renforcement des capacit\u00e9s de r\u00e9gulation du secteur postal national. Inscrit au programme de coop\u00e9ration multisectoriel \u00abR\u00e9ussir le statut avanc\u00e9\u00bb (RSA), ce projet de jumelage a pour objectif de mettre en place un cadre l\u00e9gislatif [&hellip;]<\/p>\n","protected":false},"author":1759,"featured_media":0,"comment_status":"closed","ping_status":"closed","sticky":false,"template":"","format":"standard","meta":{"fifu_image_url":"https:\/\/aujourdhui.ma\/wp-content\/uploads\/2022\/03\/ue-maroc-300x153.jpg","fifu_image_alt":"Maroc-Union europ\u00e9enne : Lancement d\u2019un projet de jumelage pour  le renforcement du secteur postal","footnotes":""},"categories":[73,54],"tags":[],"class_list":["post-143817","post","type-post","status-publish","format-standard","hentry","category-actualite","category-maroc"],"_links":{"self":[{"href":"https:\/\/linitiative.ca\/International\/wp-json\/wp\/v2\/posts\/143817","targetHints":{"allow":["GET"]}}],"collection":[{"href":"https:\/\/linitiative.ca\/International\/wp-json\/wp\/v2\/posts"}],"about":[{"href":"https:\/\/linitiative.ca\/International\/wp-json\/wp\/v2\/types\/post"}],"author":[{"embeddable":true,"href":"https:\/\/linitiative.ca\/International\/wp-json\/wp\/v2\/users\/1759"}],"replies":[{"embeddable":true,"href":"https:\/\/linitiative.ca\/International\/wp-json\/wp\/v2\/comments?post=143817"}],"version-history":[{"count":0,"href":"https:\/\/linitiative.ca\/International\/wp-json\/wp\/v2\/posts\/143817\/revisions"}],"wp:attachment":[{"href":"https:\/\/linitiative.ca\/International\/wp-json\/wp\/v2\/media?parent=143817"}],"wp:term":[{"taxonomy":"category","embeddable":true,"href":"https:\/\/linitiative.ca\/International\/wp-json\/wp\/v2\/categories?post=143817"},{"taxonomy":"post_tag","embeddable":true,"href":"https:\/\/linitiative.ca\/International\/wp-json\/wp\/v2\/tags?post=143817"}],"curies":[{"name":"wp","href":"https:\/\/api.w.org\/{rel}","templated":true}]}}