{"id":143821,"date":"2022-03-24T09:00:49","date_gmt":"2022-03-24T13:00:49","guid":{"rendered":"https:\/\/linitiative.ca\/International\/expo-2020-dubai-le-pavillon-maroc-une-vitrine-des-cultures-du-monde\/"},"modified":"2022-03-24T09:00:49","modified_gmt":"2022-03-24T13:00:49","slug":"expo-2020-dubai-le-pavillon-maroc-une-vitrine-des-cultures-du-monde","status":"publish","type":"post","link":"https:\/\/linitiative.ca\/International\/expo-2020-dubai-le-pavillon-maroc-une-vitrine-des-cultures-du-monde\/","title":{"rendered":"Expo 2020 Duba\u00ef : Le Pavillon Maroc, une vitrine  des cultures du monde"},"content":{"rendered":"<div>\n<p><img loading=\"lazy\" decoding=\"async\" width=\"300\" height=\"153\" src=\"https:\/\/linitiative.ca\/International\/wp-content\/uploads\/sites\/23\/2022\/03\/Expo-2020-Dubai-Le-Pavillon-Maroc-une-vitrine-des-cultures-du-monde-300x153-1.png\" class=\"attachment-medium size-medium wp-post-image\" alt=\"\" srcset=\"https:\/\/linitiative.ca\/International\/wp-content\/uploads\/sites\/23\/2022\/03\/Expo-2020-Dubai-Le-Pavillon-Maroc-une-vitrine-des-cultures-du-monde-300x153-1.png 300w, https:\/\/aujourdhui.ma\/wp-content\/uploads\/2022\/03\/Expo-2020-Dubai-Le-Pavillon-Maroc-une-vitrine-des-cultures-du-monde-274x140.png 274w, https:\/\/aujourdhui.ma\/wp-content\/uploads\/2022\/03\/Expo-2020-Dubai-Le-Pavillon-Maroc-une-vitrine-des-cultures-du-monde.png 746w, https:\/\/aujourdhui.ma\/wp-content\/uploads\/2022\/03\/Expo-2020-Dubai-Le-Pavillon-Maroc-une-vitrine-des-cultures-du-monde-165x84.png 165w, https:\/\/aujourdhui.ma\/wp-content\/uploads\/2022\/03\/Expo-2020-Dubai-Le-Pavillon-Maroc-une-vitrine-des-cultures-du-monde-702x358.png 702w\" sizes=\"auto, (max-width: 300px) 100vw, 300px\"><\/p>\n<p><strong>Le Maroc a d\u00e9velopp\u00e9 diverses collaborations autour de la culture, la sant\u00e9 et l\u2019\u00e9ducation<\/strong><span id=\"more-403314\"><\/span><\/p>\n<p>Depuis le d\u00e9but de l\u2019Expo universelle 2020 \u00e0 Duba\u00ef qui a d\u00e9marr\u00e9 le 1er octobre 2021 et qui s\u2019ach\u00e8vera le 31 mars 2022, le pavillon marocain a r\u00e9ussi \u00e0 abriter divers \u00e9v\u00e8nements, en collaboration avec diff\u00e9rents pays, dans plusieurs domaines.<br \/>\n\u00abParmi les divers \u00e9v\u00e8nements organis\u00e9s tout au long de cette exposition universelle, le Maroc a pu d\u00e9velopper diff\u00e9rentes collaborations aupr\u00e8s de nombreux pays amis et partenaires autour de th\u00e9matiques touchant particuli\u00e8rement la culture, la sant\u00e9 et l\u2019\u00e9ducation\u00bb, indiquent les organisateurs.<br \/>\nEt d\u2019expliquer qu\u2019\u00abavec 191 pays repr\u00e9sent\u00e9s \u00e0 Expo 2020 Duba\u00ef, tous unis pour penser le monde de demain, le Maroc a montr\u00e9 \u00e0 travers son pavillon sa culture et son h\u00e9ritage ancestral ainsi que ses r\u00e9alisations dans divers domaines et sa vision \u00e9clair\u00e9e d\u2019un futur plus durable\u00bb.<\/p>\n<p>Ainsi, dans le domaine de la gastronomie, de la musique ou du cin\u00e9ma, le pavillon Maroc a organis\u00e9 des \u00e9v\u00e8nements communs avec les pavillons des Emirats Arabes Unies, du Br\u00e9sil, du Luxembourg, de l\u2019Arabie Saoudite ou encore de la Papouasie Nouvelle Guin\u00e9e.<br \/>\nAu menu, des fusions musicales originales entre troupes folkloriques des diff\u00e9rents pays, des performances r\u00e9ussies telles que l\u2019interpr\u00e9tation de l\u2019hymne national \u00e9mirati avec des sonorit\u00e9s marocaines par l\u2019Orchestre Philharmonique du Maroc, l\u2019animation de lives Cooking Shows avec des fusions entre les cuisines marocaines et celles du Br\u00e9sil et du Luxembourg.<br \/>\n\u00abCes exp\u00e9riences ont abouti \u00e0 une production surprenante \u00e0 l\u2019image du couscous \u00e0 la br\u00e9silienne, le Brigadeiro aux saveurs du Maroc, ou encore le Kniddelen luxembourgeois \u00e0 la sauce \u00abFtat Chetba\u00bb\u00bb, note la m\u00eame source. Le septi\u00e8me art a eu \u00e9galement sa part dans ces collaborations internationales, avec notamment le festival Saudi Night Event, \u00e9v\u00e8nement co-organis\u00e9 par le pavillon de l\u2019Arabie Saoudite avec le pavillon du Maroc les 1er et 2 mars 2022.<\/p>\n<div class=\"mom_images_grid mom_images_3_cols\">\n<ul class=\"galleryslider\">\n<li class=\"first\"><a href=\"https:\/\/aujourdhui.ma\/wp-content\/uploads\/2022\/03\/Expo-2020-Dubai-Le-Pavillon-Maroc-une-vitrine-des-cultures-du-monde-1.png\" data-title=\"\" title=\"Expo-2020-Duba\u00ef--Le-Pavillon-Maroc,-une-vitrine--des-cultures-du-monde\"><img decoding=\"async\" alt=\"Expo-2020-Duba\u00ef--Le-Pavillon-Maroc,-une-vitrine--des-cultures-du-monde\" src=\"https:\/\/linitiative.ca\/International\/wp-content\/uploads\/sites\/23\/2022\/03\/Expo-2020-Dubai-Le-Pavillon-Maroc-une-vitrine-des-cultures-du-monde-1-746x380-1.png\"><\/a><\/li>\n<li class=\"\"><a href=\"https:\/\/aujourdhui.ma\/wp-content\/uploads\/2022\/03\/Expo-2020-Dubai-Le-Pavillon-Maroc-une-vitrine-des-cultures-du-monde-2.png\" data-title=\"\" title=\"Expo-2020-Duba\u00ef---Le-Pavillon-Maroc,-une-vitrine--des-cultures-du-monde\"><img decoding=\"async\" alt=\"Expo-2020-Duba\u00ef---Le-Pavillon-Maroc,-une-vitrine--des-cultures-du-monde\" src=\"https:\/\/linitiative.ca\/International\/wp-content\/uploads\/sites\/23\/2022\/03\/Expo-2020-Dubai-Le-Pavillon-Maroc-une-vitrine-des-cultures-du-monde-2-746x380-1.png\"><\/a><\/li>\n<li class=\"last\"><a href=\"https:\/\/aujourdhui.ma\/wp-content\/uploads\/2022\/03\/Expo-2020-Dubai-Le-Pavillon-Maroc-une-vitrine-des-cultures-du-monde-D.png\" data-title=\"\" title=\"Expo-2020-Duba\u00ef--Le-Pavillon-Maroc,-une-vitrine--des-cultures-du-monde-D\"><img decoding=\"async\" alt=\"Expo-2020-Duba\u00ef--Le-Pavillon-Maroc,-une-vitrine--des-cultures-du-monde-D\" src=\"https:\/\/linitiative.ca\/International\/wp-content\/uploads\/sites\/23\/2022\/03\/Expo-2020-Dubai-Le-Pavillon-Maroc-une-vitrine-des-cultures-du-monde-D-746x380-1.png\"><\/a><\/li>\n<li class=\"first\"><a href=\"https:\/\/aujourdhui.ma\/wp-content\/uploads\/2022\/03\/expo-dubai-eleves-pavillon-maroc1.png\" data-title=\"\" title=\"expo-dubai-eleves-pavillon-maroc1\"><img decoding=\"async\" alt=\"expo-dubai-eleves-pavillon-maroc1\" src=\"https:\/\/linitiative.ca\/International\/wp-content\/uploads\/sites\/23\/2022\/03\/expo-dubai-eleves-pavillon-maroc1-746x380-1.png\"><\/a><\/li>\n<\/ul>\n<\/div>\n<p>\u00abCes collaborations se sont \u00e9galement \u00e9tendues \u00e0 d\u2019autres univers et partenaires, en mettant le bien-\u00eatre et le \u00abHealing\u00bb au c\u0153ur de l\u2019exp\u00e9rience marocaine \u00e0 Expo 2020 Dubai. Des s\u00e9ances de yoga, de Sound Healing et de m\u00e9diation ont \u00e9t\u00e9 propos\u00e9es par le pavillon Maroc, en collaboration avec l\u2019agence Beyond Wellness tout au long de la semaine th\u00e9matique Health and Wellness\u00bb, rel\u00e8ve-t-on.<br \/>\nSur le volet \u00e9ducation, un jumelage a \u00e9t\u00e9 scell\u00e9 entre le pavillon Maroc et deux \u00e9coles \u00e0 Rass El Kheima, dans le cadre du projet \u00abHamza\u00bb.<br \/>\nEn collaboration avec les Emirates School Establishment, la culture et l\u2019identit\u00e9 marocaines sont notamment mises en avant dans deux \u00e9coles \u00e9miraties durant deux mois, jusqu\u2019\u00e0 la fin de l\u2019exposition universelle. Par ailleurs, des cours sp\u00e9ciaux (sur le Maroc et la culture marocaine) sont dispens\u00e9s d\u00e9sormais dans les classes de secondaire (histoire\/g\u00e9ographie\/musique\/culture). Ceci \u00e9tant, le pavillon Maroc a r\u00e9ussi \u00e0 faire d\u00e9couvrir l\u2019histoire et la vision du Royaume, depuis ses origines inspirantes vers un progr\u00e8s durable, par le biais d\u2019une programmation riche et diversifi\u00e9e. \u00abA travers ces diverses collaborations, le Maroc a cr\u00e9\u00e9 l\u2019opportunit\u00e9 d\u2019un dialogue interculturel avec des pays des quatre coins de la plan\u00e8te, d\u00e9montrant aux millions de visiteurs d\u2019Expo 2020 Dubai son sens connu et reconnu du partage ainsi que l\u2019universalit\u00e9 de son h\u00e9ritage et de sa culture ancestrale et contemporaine\u00bb, concluent les organisateurs.<\/p>\n<\/div>\n<p>Auteur: ALM<br \/>\n<a href=\"https:\/\/aujourdhui.ma\/culture\/expo-2020-dubai-le-pavillon-maroc-une-vitrine-des-cultures-du-monde\">Cliquez ici pour lire l&rsquo;article depuis sa source.<\/a><\/p>\n","protected":false},"excerpt":{"rendered":"<p>Le Maroc a d\u00e9velopp\u00e9 diverses collaborations autour de la culture, la sant\u00e9 et l\u2019\u00e9ducation Depuis le d\u00e9but de l\u2019Expo universelle 2020 \u00e0 Duba\u00ef qui a d\u00e9marr\u00e9 le 1er octobre 2021 et qui s\u2019ach\u00e8vera le 31 mars 2022, le pavillon marocain a r\u00e9ussi \u00e0 abriter divers \u00e9v\u00e8nements, en collaboration avec diff\u00e9rents pays, dans plusieurs domaines. \u00abParmi [&hellip;]<\/p>\n","protected":false},"author":1759,"featured_media":0,"comment_status":"closed","ping_status":"closed","sticky":false,"template":"","format":"standard","meta":{"fifu_image_url":"https:\/\/aujourdhui.ma\/wp-content\/uploads\/2022\/03\/Expo-2020-Dubai-Le-Pavillon-Maroc-une-vitrine-des-cultures-du-monde-300x153.png","fifu_image_alt":"Expo 2020 Duba\u00ef : Le Pavillon Maroc, une vitrine  des cultures du monde","footnotes":""},"categories":[73,54],"tags":[],"class_list":["post-143821","post","type-post","status-publish","format-standard","hentry","category-actualite","category-maroc"],"_links":{"self":[{"href":"https:\/\/linitiative.ca\/International\/wp-json\/wp\/v2\/posts\/143821","targetHints":{"allow":["GET"]}}],"collection":[{"href":"https:\/\/linitiative.ca\/International\/wp-json\/wp\/v2\/posts"}],"about":[{"href":"https:\/\/linitiative.ca\/International\/wp-json\/wp\/v2\/types\/post"}],"author":[{"embeddable":true,"href":"https:\/\/linitiative.ca\/International\/wp-json\/wp\/v2\/users\/1759"}],"replies":[{"embeddable":true,"href":"https:\/\/linitiative.ca\/International\/wp-json\/wp\/v2\/comments?post=143821"}],"version-history":[{"count":0,"href":"https:\/\/linitiative.ca\/International\/wp-json\/wp\/v2\/posts\/143821\/revisions"}],"wp:attachment":[{"href":"https:\/\/linitiative.ca\/International\/wp-json\/wp\/v2\/media?parent=143821"}],"wp:term":[{"taxonomy":"category","embeddable":true,"href":"https:\/\/linitiative.ca\/International\/wp-json\/wp\/v2\/categories?post=143821"},{"taxonomy":"post_tag","embeddable":true,"href":"https:\/\/linitiative.ca\/International\/wp-json\/wp\/v2\/tags?post=143821"}],"curies":[{"name":"wp","href":"https:\/\/api.w.org\/{rel}","templated":true}]}}