{"id":143827,"date":"2022-03-24T09:05:33","date_gmt":"2022-03-24T13:05:33","guid":{"rendered":"https:\/\/linitiative.ca\/International\/covid-19-prolongation-de-letat-durgence-sanitaire-jusquau-30-avril-2022\/"},"modified":"2022-03-24T09:05:33","modified_gmt":"2022-03-24T13:05:33","slug":"covid-19-prolongation-de-letat-durgence-sanitaire-jusquau-30-avril-2022","status":"publish","type":"post","link":"https:\/\/linitiative.ca\/International\/covid-19-prolongation-de-letat-durgence-sanitaire-jusquau-30-avril-2022\/","title":{"rendered":"Covid-19: prolongation de l\u2019\u00e9tat d\u2019urgence sanitaire jusqu\u2019au 30 avril 2022"},"content":{"rendered":"<div>\n<p><img loading=\"lazy\" decoding=\"async\" width=\"300\" height=\"153\" src=\"https:\/\/linitiative.ca\/International\/wp-content\/uploads\/sites\/23\/2022\/03\/Coronavirus-Covid-19-Police-etat-durgence-sanitaire-300x153-1.jpg\" class=\"attachment-medium size-medium wp-post-image\" alt=\"\" srcset=\"https:\/\/linitiative.ca\/International\/wp-content\/uploads\/sites\/23\/2022\/03\/Coronavirus-Covid-19-Police-etat-durgence-sanitaire-300x153-1.jpg 300w, https:\/\/aujourdhui.ma\/wp-content\/uploads\/2020\/10\/Coronavirus-Covid-19-Police-etat-durgence-sanitaire-274x140.jpg 274w, https:\/\/aujourdhui.ma\/wp-content\/uploads\/2020\/10\/Coronavirus-Covid-19-Police-etat-durgence-sanitaire.jpg 746w, https:\/\/aujourdhui.ma\/wp-content\/uploads\/2020\/10\/Coronavirus-Covid-19-Police-etat-durgence-sanitaire-165x84.jpg 165w, https:\/\/aujourdhui.ma\/wp-content\/uploads\/2020\/10\/Coronavirus-Covid-19-Police-etat-durgence-sanitaire-702x358.jpg 702w\" sizes=\"auto, (max-width: 300px) 100vw, 300px\"><\/p>\n<p><span style=\"color: #800000; font-size: 20px;\"><strong>Le Conseil de gouvernement, r\u00e9uni jeudi, a d\u00e9cid\u00e9 de proroger la dur\u00e9e d\u2019effet de l\u2019\u00e9tat d\u2019urgence sanitaire sur l\u2019ensemble du territoire national jusqu\u2019au 30 avril 2022, pour continuer \u00e0 assurer l\u2019efficacit\u00e9 et l\u2019efficience des mesures prises par les autorit\u00e9s publiques afin de lutter contre la propagation de la pand\u00e9mie de Covid-19.<\/strong><\/span><span id=\"more-403383\"><\/span><\/p>\n<p>Le conseil de gouvernement a adopt\u00e9 le projet de d\u00e9cret n\u00b0 2.22.225 portant prorogation de la dur\u00e9e d\u2019effet de l\u2019\u00e9tat d\u2019urgence sanitaire sur l\u2019ensemble du territoire national, pr\u00e9sent\u00e9 par le ministre de l\u2019Int\u00e9rieur, Abdelouafi Laftit, a indiqu\u00e9 le ministre d\u00e9l\u00e9gu\u00e9 charg\u00e9 des Relations avec le Parlement, porte-parole du gouvernement, Mustapha Baitas lors d\u2019un point de presse \u00e0 l\u2019issue de ce conseil.<\/p>\n<p>Ce projet vise \u00e0 proroger la dur\u00e9e d\u2019effet de l\u2019\u00e9tat d\u2019urgence sanitaire sur l\u2019ensemble du territoire national, du jeudi 31 mars \u00e0 partir de 18h jusqu\u2019au samedi 30 avril \u00e0 18h, a pr\u00e9cis\u00e9 le ministre.<\/p>\n<\/div>\n<p>Auteur: ALM<br \/>\n<a href=\"https:\/\/aujourdhui.ma\/actualite\/covid-19-prolongation-de-letat-durgence-sanitaire-jusquau-30-avril-2022\">Cliquez ici pour lire l&rsquo;article depuis sa source.<\/a><\/p>\n","protected":false},"excerpt":{"rendered":"<p>Le Conseil de gouvernement, r\u00e9uni jeudi, a d\u00e9cid\u00e9 de proroger la dur\u00e9e d\u2019effet de l\u2019\u00e9tat d\u2019urgence sanitaire sur l\u2019ensemble du territoire national jusqu\u2019au 30 avril 2022, pour continuer \u00e0 assurer l\u2019efficacit\u00e9 et l\u2019efficience des mesures prises par les autorit\u00e9s publiques afin de lutter contre la propagation de la pand\u00e9mie de Covid-19. Le conseil de gouvernement [&hellip;]<\/p>\n","protected":false},"author":1759,"featured_media":0,"comment_status":"closed","ping_status":"closed","sticky":false,"template":"","format":"standard","meta":{"fifu_image_url":"https:\/\/aujourdhui.ma\/wp-content\/uploads\/2020\/10\/Coronavirus-Covid-19-Police-etat-durgence-sanitaire-300x153.jpg","fifu_image_alt":"Covid-19: prolongation de l\u2019\u00e9tat d\u2019urgence sanitaire jusqu\u2019au 30 avril 2022","footnotes":""},"categories":[73,54],"tags":[],"class_list":["post-143827","post","type-post","status-publish","format-standard","hentry","category-actualite","category-maroc"],"_links":{"self":[{"href":"https:\/\/linitiative.ca\/International\/wp-json\/wp\/v2\/posts\/143827","targetHints":{"allow":["GET"]}}],"collection":[{"href":"https:\/\/linitiative.ca\/International\/wp-json\/wp\/v2\/posts"}],"about":[{"href":"https:\/\/linitiative.ca\/International\/wp-json\/wp\/v2\/types\/post"}],"author":[{"embeddable":true,"href":"https:\/\/linitiative.ca\/International\/wp-json\/wp\/v2\/users\/1759"}],"replies":[{"embeddable":true,"href":"https:\/\/linitiative.ca\/International\/wp-json\/wp\/v2\/comments?post=143827"}],"version-history":[{"count":0,"href":"https:\/\/linitiative.ca\/International\/wp-json\/wp\/v2\/posts\/143827\/revisions"}],"wp:attachment":[{"href":"https:\/\/linitiative.ca\/International\/wp-json\/wp\/v2\/media?parent=143827"}],"wp:term":[{"taxonomy":"category","embeddable":true,"href":"https:\/\/linitiative.ca\/International\/wp-json\/wp\/v2\/categories?post=143827"},{"taxonomy":"post_tag","embeddable":true,"href":"https:\/\/linitiative.ca\/International\/wp-json\/wp\/v2\/tags?post=143827"}],"curies":[{"name":"wp","href":"https:\/\/api.w.org\/{rel}","templated":true}]}}