{"id":143834,"date":"2022-03-23T14:00:00","date_gmt":"2022-03-23T18:00:00","guid":{"rendered":"https:\/\/linitiative.ca\/International\/le-pps-apprecie-le-changement-positif-et-important-de-la-position-de-lespagne-a-legard-de-notre-integrite-territoriale\/"},"modified":"2022-03-23T14:00:00","modified_gmt":"2022-03-23T18:00:00","slug":"le-pps-apprecie-le-changement-positif-et-important-de-la-position-de-lespagne-a-legard-de-notre-integrite-territoriale","status":"publish","type":"post","link":"https:\/\/linitiative.ca\/International\/le-pps-apprecie-le-changement-positif-et-important-de-la-position-de-lespagne-a-legard-de-notre-integrite-territoriale\/","title":{"rendered":"Le PPS appr\u00e9cie le changement positif et important de la position de l\u2019Espagne \u00e0 l\u2019\u00e9gard de notre int\u00e9grit\u00e9 territoriale"},"content":{"rendered":"<div>\n<p class=\"has-text-align-center has-text-color\" style=\"color:#0669e5\"><strong><em><u>Communiqu\u00e9 du bureau politique<\/u><\/em><\/strong><\/p>\n<p class=\"has-black-color has-text-color\"><strong>Au d\u00e9but de sa r\u00e9union p\u00e9riodique du mardi 22 mars 2022, le bureau politique du Parti du Progr\u00e8s et du Socialisme a enregistr\u00e9 positivement le changement important de la position de l\u2019Espagne voisine \u00e0 l\u2019\u00e9gard de notre int\u00e9grit\u00e9 territoriale, \u00e0 travers son annonce de soutien \u00e0 l\u2019initiative marocaine d\u2019autonomie, consid\u00e9r\u00e9e comme la base s\u00e9rieuse, r\u00e9aliste et cr\u00e9dible pour r\u00e9soudre le diff\u00e9rend artificiel concernant le Sahara marocain. Le Parti du Progr\u00e8s et du Socialisme a \u00e9mis, \u00e0 cette occasion, l\u2019espoir que cet \u00e9v\u00e9nement constitue un nouveau d\u00e9part vers la construction d\u2019une \u00e9tape particuli\u00e8re dans les relations de coop\u00e9ration entre le Maroc et l\u2019Espagne fond\u00e9es sur la confiance, la clart\u00e9, la responsabilit\u00e9, la transparence, l\u2019\u00e9quilibre et le respect mutuel des int\u00e9r\u00eats sup\u00e9rieurs et des questions vitales des deux pays dont en premier lieu la question de l\u2019int\u00e9grit\u00e9 territoriale.<\/strong><\/p>\n<p class=\"has-black-color has-text-color\"><strong>Dans ce cadre, le bureau politique s\u2019est f\u00e9licit\u00e9 des efforts et des acquis de notre pays au niveau des relations ext\u00e9rieures et de sa diplomatie dynamique et ferme, sous la direction sage et clairvoyante de Sa Majest\u00e9 le Roi. A ce propos, il a soulign\u00e9 l\u2019importance majeure que rev\u00eatent la poursuite de ces efforts et la pr\u00e9servation de ces acquis, qui doivent \u00eatre confort\u00e9s par toutes les formes de la diplomatie parall\u00e8le dans le cadre d\u2019un front int\u00e9rieur homog\u00e8ne et la participation de toutes les forces vives de la nation pour la cons\u00e9cration totale de nos droits nationaux l\u00e9gaux et l\u00e9gitimes dans le but de clore d\u00e9finitivement le dossier du conflit artificiel autour de notre Sahara marocain.\u00a0\u00a0\u00a0\u00a0\u00a0\u00a0<\/strong><\/p>\n<p class=\"has-black-color has-text-color\"><strong><em><u>N\u00e9cessit\u00e9 de mesures gouvernementales efficaces pour faire face \u00e0 la d\u00e9t\u00e9rioration de la situation qui ne permet plus la persistance des conflits d\u2019int\u00e9r\u00eats<\/u><\/em><\/strong><\/p>\n<p class=\"has-black-color has-text-color\"><strong>Par ailleurs, le bureau politique a soulign\u00e9 de nouveau que la situation \u00e9conomique et sociale dans notre pays se caract\u00e9rise par un niveau critique et difficile et que les tarifs des carburants et, par cons\u00e9quent, les prix des autres produits de consommation de base sont en hausse continue. Ceci requiert du gouvernement actuel d\u2019\u00eatre r\u00e9ellement un gouvernement politique fort, capable de faire face aux d\u00e9fis et \u00e0 la complexit\u00e9 de la conjoncture et d\u2019apporter effectivement les r\u00e9ponses n\u00e9cessaires et les solutions possibles pour att\u00e9nuer les souffrances des citoyens et des entreprises, contribuer \u00e0 la relance de l\u2019\u00e9conomie nationale, sauvegarder la paix sociale et soutenir le pouvoir d\u2019achat des m\u00e9nages marocains. Dans ce cadre, le Parti du Progr\u00e8s et du Socialisme attire l\u2019attention du gouvernement sur le fait que la situation ne permet plus la persistance des conflits d\u2019int\u00e9r\u00eats flagrants, en totale contradiction avec les dispositions de l\u2019Etat de Droit sur le plan \u00e9conomique et en particulier dans les domaines de l\u2019agriculture et des hydrocarbures.<\/strong><\/p>\n<p class=\"has-black-color has-text-color\"><strong>Dans ce sens, le Parti du Progr\u00e8s et du Socialisme appelle de nouveau le gouvernement \u00e0 \u0153uvrer au renforcement de sa pr\u00e9sence politique et communicationnelle dans sa relation avec la soci\u00e9t\u00e9 et \u00e0 prendre des mesures urgentes, effectives et concr\u00e8tes dans le cadre d\u2019une vision globale et coh\u00e9rente \u00e0 l\u2019instar de celles propos\u00e9es dans le pr\u00e9c\u00e9dent communiqu\u00e9 de son bureau politique.<\/strong><\/p>\n<p class=\"has-black-color has-text-color\"><strong>Parall\u00e8lement aux mesures urgentes n\u00e9cessaires, le Parti du Progr\u00e8s et du Socialisme appelle \u00e0 entamer les r\u00e9formes qui ont un impact \u00e0 moyen et long termes sur le plan de la s\u00e9curit\u00e9 \u00e9nerg\u00e9tique, alimentaire et hydrique, dans le but de r\u00e9aliser l\u2019autosuffisance, de r\u00e9duire le recours \u00e0 l\u2019importation et d\u2019att\u00e9nuer le niveau de d\u00e9pendance \u00e0 l\u2019\u00e9gard des changements climatiques et des fluctuations du march\u00e9 international. Il lui demande \u00e9galement d\u2019agir au niveau politique pour la mobilisation et l\u2019adh\u00e9sion des \u00e9nergies des diff\u00e9rentes cat\u00e9gories et des divers milieux du peuple marocain, \u00e0 travers le renforcement de la d\u00e9mocratie, des droits de l\u2019homme, des libert\u00e9s et de l\u2019\u00e9galit\u00e9.<\/strong><\/p>\n<p class=\"has-black-color has-text-color\"><strong><em><u>Enseignement : l\u2019int\u00e9r\u00eat des \u00e9l\u00e8ves au dessus de toute autre consid\u00e9ration<\/u><\/em><\/strong><\/p>\n<p class=\"has-black-color has-text-color\"><strong>Le bureau politique a \u00e9galement examin\u00e9 la question de l\u2019enseignement, soulignant que l\u2019ann\u00e9e scolaire en cours n\u2019admet plus de perturbations nouvelles au niveau de l\u2019apprentissage scolaire par rapport \u00e0 des millions d\u2019\u00e9l\u00e8ves, qui s\u2019ajouteraient \u00e0 celles enregistr\u00e9es lors des deux derni\u00e8res ann\u00e9es. Ceci requiert de tous les intervenants dans l\u2019enseignement national d\u2019assumer leurs responsabilit\u00e9s et de placer l\u2019int\u00e9r\u00eat des \u00e9l\u00e8ves au-dessus de toute autre consid\u00e9ration.<\/strong><\/p>\n<p class=\"has-black-color has-text-color\"><strong>Dans le m\u00eame temps, le Parti du Progr\u00e8s et du Socialisme demande au gouvernement et \u00e0 ses composantes d\u2019honorer leurs engagements \u00e0 l\u2019\u00e9gard de toute la famille de l\u2019enseignement et de la cat\u00e9gorie des enseignants contractuels, en particulier, de promouvoir leurs conditions mat\u00e9rielles et morales et leur formation et de traiter rapidement la probl\u00e9matique des ressources humaines. Ceci est \u00e0 m\u00eame d\u2019assurer la stabilit\u00e9 professionnelle sur la base des principes de l\u2019\u00e9quit\u00e9, du m\u00e9rite, de l\u2019\u00e9galit\u00e9 en droits et en devoirs, de l\u2019unicit\u00e9 des crit\u00e8res et de l\u2019ouverture de perspectives pour les carri\u00e8res professionnelles.<\/strong><\/p>\n<p class=\"has-black-color has-text-color\"><strong>Cette approche constitue le pr\u00e9lude principal \u00e0 la r\u00e9alisation et la r\u00e9ussite des r\u00e9formes fondamentales du syst\u00e8me d\u2019\u00e9ducation et de formation et, principalement, de l\u2019\u00e9cole publique en mati\u00e8re de formation, de programmes et de manuels, en vue de consacrer une \u00e9cole marocaine fond\u00e9e sur la qualit\u00e9, l\u2019ouverture, l\u2019excellence, l\u2019innovation et l\u2019\u00e9galit\u00e9 des chances.\u00a0\u00a0\u00a0<\/strong><\/p>\n<p>L\u2019article <a rel=\"nofollow\" href=\"http:\/\/albayane.press.ma\/le-pps-apprecie-le-changement-positif-et-important-de-la-position-de-lespagne-a-legard-de-notre-integrite-territoriale.html\">Le PPS appr\u00e9cie le changement positif et important de la position de l\u2019Espagne \u00e0 l\u2019\u00e9gard de notre int\u00e9grit\u00e9 territoriale<\/a> est apparu en premier sur <a rel=\"nofollow\" href=\"http:\/\/albayane.press.ma\/\">ALBAYANE<\/a>.<\/p>\n<\/div>\n<p>Auteur: M&rsquo;hammed rahal<br \/>\n<a href=\"http:\/\/albayane.press.ma\/le-pps-apprecie-le-changement-positif-et-important-de-la-position-de-lespagne-a-legard-de-notre-integrite-territoriale.html\">Cliquez ici pour lire l&rsquo;article depuis sa source.<\/a><\/p>\n","protected":false},"excerpt":{"rendered":"<p>Communiqu\u00e9 du bureau politique Au d\u00e9but de sa r\u00e9union p\u00e9riodique du mardi 22 mars 2022, le bureau politique du Parti du Progr\u00e8s et du Socialisme a enregistr\u00e9 positivement le changement important de la position de l\u2019Espagne voisine \u00e0 l\u2019\u00e9gard de notre int\u00e9grit\u00e9 territoriale, \u00e0 travers son annonce de soutien \u00e0 l\u2019initiative marocaine d\u2019autonomie, consid\u00e9r\u00e9e comme [&hellip;]<\/p>\n","protected":false},"author":1760,"featured_media":0,"comment_status":"closed","ping_status":"closed","sticky":false,"template":"","format":"standard","meta":{"fifu_image_url":"","fifu_image_alt":"","footnotes":""},"categories":[73,54],"tags":[],"class_list":["post-143834","post","type-post","status-publish","format-standard","hentry","category-actualite","category-maroc"],"_links":{"self":[{"href":"https:\/\/linitiative.ca\/International\/wp-json\/wp\/v2\/posts\/143834","targetHints":{"allow":["GET"]}}],"collection":[{"href":"https:\/\/linitiative.ca\/International\/wp-json\/wp\/v2\/posts"}],"about":[{"href":"https:\/\/linitiative.ca\/International\/wp-json\/wp\/v2\/types\/post"}],"author":[{"embeddable":true,"href":"https:\/\/linitiative.ca\/International\/wp-json\/wp\/v2\/users\/1760"}],"replies":[{"embeddable":true,"href":"https:\/\/linitiative.ca\/International\/wp-json\/wp\/v2\/comments?post=143834"}],"version-history":[{"count":0,"href":"https:\/\/linitiative.ca\/International\/wp-json\/wp\/v2\/posts\/143834\/revisions"}],"wp:attachment":[{"href":"https:\/\/linitiative.ca\/International\/wp-json\/wp\/v2\/media?parent=143834"}],"wp:term":[{"taxonomy":"category","embeddable":true,"href":"https:\/\/linitiative.ca\/International\/wp-json\/wp\/v2\/categories?post=143834"},{"taxonomy":"post_tag","embeddable":true,"href":"https:\/\/linitiative.ca\/International\/wp-json\/wp\/v2\/tags?post=143834"}],"curies":[{"name":"wp","href":"https:\/\/api.w.org\/{rel}","templated":true}]}}