{"id":143835,"date":"2022-03-23T14:00:00","date_gmt":"2022-03-23T18:00:00","guid":{"rendered":"https:\/\/linitiative.ca\/International\/le-maroc-prend-part-a-doha-a-la-63e-reunion-du-conseil-executif-de-larabosai\/"},"modified":"2022-03-23T14:00:00","modified_gmt":"2022-03-23T18:00:00","slug":"le-maroc-prend-part-a-doha-a-la-63e-reunion-du-conseil-executif-de-larabosai","status":"publish","type":"post","link":"https:\/\/linitiative.ca\/International\/le-maroc-prend-part-a-doha-a-la-63e-reunion-du-conseil-executif-de-larabosai\/","title":{"rendered":"Le Maroc prend part \u00e0 Doha \u00e0 la 63e  r\u00e9union du Conseil ex\u00e9cutif de l\u2019Arabosai"},"content":{"rendered":"<div>\n<p class=\"has-text-align-center has-vivid-red-color has-text-color\"><strong>Organisation arabe des institutions sup\u00e9rieures de contr\u00f4le des finances publiques<\/strong><\/p>\n<p class=\"has-black-color has-text-color\"><strong>Le Premier Pr\u00e9sident de la Cour des Comptes, Mme Zineb El Adaoui, a pris part \u00e0 Doha aux travaux de la 63\u00e8 r\u00e9union du Conseil ex\u00e9cutif de l\u2019Organisation arabe des institutions sup\u00e9rieures de contr\u00f4le des finances publiques (Arabosai).<\/strong><\/p>\n<p class=\"has-black-color has-text-color\">En marge des travaux de ce Conseil, Mme El Adaoui et la d\u00e9l\u00e9gation qui l\u2019accompagne ont eu des entretiens avec Abdul Aziz bin Mohammed bin Ahmed Al-Emadi, pr\u00e9sident du Bureau d\u2019audit de l\u2019\u00c9tat du Qatar, sur plusieurs questions d\u2019int\u00e9r\u00eat commun.<\/p>\n<p class=\"has-black-color has-text-color\">Apr\u00e8s avoir pass\u00e9 en revue les r\u00e9alisations du Bureau d\u2019audit qatari dans le domaine des processus de d\u00e9veloppement et de modernisation, les deux parties ont examin\u00e9 les moyens \u00e0 m\u00eame de d\u00e9velopper, soutenir et renforcer les relations bilat\u00e9rales.<\/p>\n<p class=\"has-black-color has-text-color\">Ils ont mis l\u2019accent sur l\u2019importance de la mie en oeuvre du protocole d\u2019accord sign\u00e9 entre les deux parties pour promouvoir la coop\u00e9ration dans le domaine du contr\u00f4le des finances publiques.<\/p>\n<p class=\"has-black-color has-text-color\">D\u2019autre part, le Conseil ex\u00e9cutif de l\u2019Arabosai a d\u00e9sign\u00e9 le Bureau d\u2019audit qatari pour repr\u00e9senter l\u2019organisation au Conseil ex\u00e9cutif de l\u2019Organisation internationale des institutions sup\u00e9rieures de contr\u00f4le des finances publiques (Intosai) pour la p\u00e9riode 2022-2028.<\/p>\n<p class=\"has-black-color has-text-color\">Intervenant lors de cette r\u00e9union, le pr\u00e9sident du Bureau d\u2019audit de l\u2019\u00c9tat du Qatar a soulign\u00e9 que les r\u00e9unions du Conseil ex\u00e9cutif de l\u2019Arabosai constituent l\u2019occasion d\u2019\u00e9valuer le bilan des r\u00e9alisations accomplies par l\u2019organisation et de mettre en place des plans et des programmes pour d\u00e9velopper son action et am\u00e9liorer sa performance au service des \u00c9tats membres.<\/p>\n<p class=\"has-black-color has-text-color\">Les progr\u00e8s r\u00e9alis\u00e9s par l\u2019organisation au cours de la courte p\u00e9riode \u00e9coul\u00e9e, malgr\u00e9 les d\u00e9fis impos\u00e9s par la pand\u00e9mie de la Covid-19, incitent \u00e0 poursuivre la marche pour am\u00e9liorer le professionnalisme et les capacit\u00e9s de l\u2019Arabosai en vue de r\u00e9pondre aux aspirations de ses \u00c9tats membres, a-t-il ajout\u00e9.<\/p>\n<p class=\"has-black-color has-text-color\">La r\u00e9union a abord\u00e9 plusieurs points \u00e0 l\u2019ordre du jour, notamment l\u2019examen des rapports sur les activit\u00e9s du Conseil ex\u00e9cutif, du Secr\u00e9tariat g\u00e9n\u00e9ral et des sous-comit\u00e9s de l\u2019organisation.<\/p>\n<p class=\"has-black-color has-text-color\">Le Conseil a \u00e9galement pris connaissance des initiatives de d\u00e9veloppement propos\u00e9es par la pr\u00e9sidence du Conseil et des rapports des organes de l\u2019organisation sur leur participation aux travaux des commissions et groupes de travail \u00e9manant de l\u2019Intosai.<\/p>\n<p class=\"has-black-color has-text-color\">Par ailleurs, le Conseil a approuv\u00e9 les proc\u00e9dures du bureau de contr\u00f4le, le manuel du syst\u00e8me d\u2019archivage et le budget pr\u00e9visionnel de l\u2019ann\u00e9e 2022 en fixant la date de la prochaine r\u00e9union du Conseil ex\u00e9cutif et de la 14\u00e8 session de l\u2019Assembl\u00e9e g\u00e9n\u00e9rale qui se tiendra au Royaume d\u2019Arabie saoudite.<\/p>\n<p>L\u2019article <a rel=\"nofollow\" href=\"http:\/\/albayane.press.ma\/le-maroc-prend-part-a-doha-a-la-63e-reunion-du-conseil-executif-de-larabosai.html\">Le Maroc prend part \u00e0 Doha \u00e0 la 63e  r\u00e9union du Conseil ex\u00e9cutif de l\u2019Arabosai<\/a> est apparu en premier sur <a rel=\"nofollow\" href=\"http:\/\/albayane.press.ma\/\">ALBAYANE<\/a>.<\/p>\n<\/div>\n<p>Auteur: M&rsquo;hammed rahal<br \/>\n<a href=\"http:\/\/albayane.press.ma\/le-maroc-prend-part-a-doha-a-la-63e-reunion-du-conseil-executif-de-larabosai.html\">Cliquez ici pour lire l&rsquo;article depuis sa source.<\/a><\/p>\n","protected":false},"excerpt":{"rendered":"<p>Organisation arabe des institutions sup\u00e9rieures de contr\u00f4le des finances publiques Le Premier Pr\u00e9sident de la Cour des Comptes, Mme Zineb El Adaoui, a pris part \u00e0 Doha aux travaux de la 63\u00e8 r\u00e9union du Conseil ex\u00e9cutif de l\u2019Organisation arabe des institutions sup\u00e9rieures de contr\u00f4le des finances publiques (Arabosai). En marge des travaux de ce Conseil, [&hellip;]<\/p>\n","protected":false},"author":1760,"featured_media":0,"comment_status":"closed","ping_status":"closed","sticky":false,"template":"","format":"standard","meta":{"fifu_image_url":"","fifu_image_alt":"","footnotes":""},"categories":[73,54],"tags":[],"class_list":["post-143835","post","type-post","status-publish","format-standard","hentry","category-actualite","category-maroc"],"_links":{"self":[{"href":"https:\/\/linitiative.ca\/International\/wp-json\/wp\/v2\/posts\/143835","targetHints":{"allow":["GET"]}}],"collection":[{"href":"https:\/\/linitiative.ca\/International\/wp-json\/wp\/v2\/posts"}],"about":[{"href":"https:\/\/linitiative.ca\/International\/wp-json\/wp\/v2\/types\/post"}],"author":[{"embeddable":true,"href":"https:\/\/linitiative.ca\/International\/wp-json\/wp\/v2\/users\/1760"}],"replies":[{"embeddable":true,"href":"https:\/\/linitiative.ca\/International\/wp-json\/wp\/v2\/comments?post=143835"}],"version-history":[{"count":0,"href":"https:\/\/linitiative.ca\/International\/wp-json\/wp\/v2\/posts\/143835\/revisions"}],"wp:attachment":[{"href":"https:\/\/linitiative.ca\/International\/wp-json\/wp\/v2\/media?parent=143835"}],"wp:term":[{"taxonomy":"category","embeddable":true,"href":"https:\/\/linitiative.ca\/International\/wp-json\/wp\/v2\/categories?post=143835"},{"taxonomy":"post_tag","embeddable":true,"href":"https:\/\/linitiative.ca\/International\/wp-json\/wp\/v2\/tags?post=143835"}],"curies":[{"name":"wp","href":"https:\/\/api.w.org\/{rel}","templated":true}]}}