{"id":143836,"date":"2022-03-23T14:00:00","date_gmt":"2022-03-23T18:00:00","guid":{"rendered":"https:\/\/linitiative.ca\/International\/david-malpass-en-visite-au-maroc\/"},"modified":"2022-03-23T14:00:00","modified_gmt":"2022-03-23T18:00:00","slug":"david-malpass-en-visite-au-maroc","status":"publish","type":"post","link":"https:\/\/linitiative.ca\/International\/david-malpass-en-visite-au-maroc\/","title":{"rendered":"David Malpass en visite au Maroc"},"content":{"rendered":"<div>\n<p class=\"has-text-align-center has-vivid-cyan-blue-color has-text-color\"><strong>Pr\u00e9sident du Groupe de la Banque mondiale<\/strong><\/p>\n<p class=\"has-text-align-left has-black-color has-text-color\"><strong>Le Pr\u00e9sident du Groupe de la Banque mondiale, David Malpass, se rendra mercredi au Maroc pour une visite de deux jours, a annonc\u00e9 le Groupe dans un communiqu\u00e9.<br \/>Il s\u2019agit du premier voyage de M. Malpass au Maroc en tant que Pr\u00e9sident du Groupe de la Banque mondiale, a indiqu\u00e9 la m\u00eame source, ajoutant que cette visite r\u00e9affirme l\u2019engagement du Groupe \u00e0 collaborer avec le Maroc pour de meilleurs r\u00e9sultats en mati\u00e8re de d\u00e9veloppement pour tous ses citoyens.<br \/>\u00ab\u00a0Le Royaume du Maroc est un partenaire de longue date du Groupe de la Banque mondiale, et nous sommes ravis de soutenir ses initiatives dans l\u2019impl\u00e9mentation de r\u00e9formes de d\u00e9veloppement substantielles\u00a0\u00bb, a d\u00e9clar\u00e9 M. Malpass, cit\u00e9 dans le communiqu\u00e9.<\/strong><\/p>\n<p class=\"has-text-align-left has-black-color has-text-color\">\u00ab\u00a0Les efforts d\u00e9ploy\u00e9s par le Royaume pour de meilleurs r\u00e9sultats en mati\u00e8re de d\u00e9veloppement dans toute la r\u00e9gion sont louables, et je me r\u00e9jouis \u00e0 l\u2019id\u00e9e que le pays accueille, l\u2019ann\u00e9e prochaine, les Assembl\u00e9es annuelles 2023 du Groupe de la Banque mondiale et du Fonds mon\u00e9taire international\u00a0\u00bb, a-t-il dit. Selon la m\u00eame source, M. Malpass rencontrera des hauts responsables ainsi que des repr\u00e9sentants du secteur priv\u00e9. Durant sa visite, il sera accompagn\u00e9 de Ferid Belhaj, Vice-Pr\u00e9sident de la Banque mondiale pour la r\u00e9gion Moyen-Orient et Afrique du Nord, de Jesko Hentschel, Directeur pays pour le Maghreb et Malte \u00e0 la Banque mondiale et de Xavier Reille, Directeur de la Soci\u00e9t\u00e9 financi\u00e8re internationale (IFC) pour le Maghreb.<br \/>Le portefeuille actif de la Banque mondiale au Maroc comprend 20 projets de la Banque internationale pour la reconstruction et le d\u00e9veloppement (BIRD) pour un total de 5,2 milliards de dollars. Au cours de la derni\u00e8re ann\u00e9e fiscale, la Banque mondiale a engag\u00e9 un montant global record de 1,8 milliard de dollars, faisant du Maroc l\u2019un des plus importants b\u00e9n\u00e9ficiaires. Au cours de l\u2019ann\u00e9e civile 2021, la Soci\u00e9t\u00e9 financi\u00e8re internationale a investi 447 millions de dollars au Maroc.<\/p>\n<p>L\u2019article <a rel=\"nofollow\" href=\"http:\/\/albayane.press.ma\/david-malpass-en-visite-au-maroc.html\">David Malpass en visite au Maroc<\/a> est apparu en premier sur <a rel=\"nofollow\" href=\"http:\/\/albayane.press.ma\/\">ALBAYANE<\/a>.<\/p>\n<\/div>\n<p>Auteur: M&rsquo;hammed rahal<br \/>\n<a href=\"http:\/\/albayane.press.ma\/david-malpass-en-visite-au-maroc.html\">Cliquez ici pour lire l&rsquo;article depuis sa source.<\/a><\/p>\n","protected":false},"excerpt":{"rendered":"<p>Pr\u00e9sident du Groupe de la Banque mondiale Le Pr\u00e9sident du Groupe de la Banque mondiale, David Malpass, se rendra mercredi au Maroc pour une visite de deux jours, a annonc\u00e9 le Groupe dans un communiqu\u00e9.Il s\u2019agit du premier voyage de M. Malpass au Maroc en tant que Pr\u00e9sident du Groupe de la Banque mondiale, a [&hellip;]<\/p>\n","protected":false},"author":1760,"featured_media":0,"comment_status":"closed","ping_status":"closed","sticky":false,"template":"","format":"standard","meta":{"fifu_image_url":"","fifu_image_alt":"","footnotes":""},"categories":[73,54],"tags":[],"class_list":["post-143836","post","type-post","status-publish","format-standard","hentry","category-actualite","category-maroc"],"_links":{"self":[{"href":"https:\/\/linitiative.ca\/International\/wp-json\/wp\/v2\/posts\/143836","targetHints":{"allow":["GET"]}}],"collection":[{"href":"https:\/\/linitiative.ca\/International\/wp-json\/wp\/v2\/posts"}],"about":[{"href":"https:\/\/linitiative.ca\/International\/wp-json\/wp\/v2\/types\/post"}],"author":[{"embeddable":true,"href":"https:\/\/linitiative.ca\/International\/wp-json\/wp\/v2\/users\/1760"}],"replies":[{"embeddable":true,"href":"https:\/\/linitiative.ca\/International\/wp-json\/wp\/v2\/comments?post=143836"}],"version-history":[{"count":0,"href":"https:\/\/linitiative.ca\/International\/wp-json\/wp\/v2\/posts\/143836\/revisions"}],"wp:attachment":[{"href":"https:\/\/linitiative.ca\/International\/wp-json\/wp\/v2\/media?parent=143836"}],"wp:term":[{"taxonomy":"category","embeddable":true,"href":"https:\/\/linitiative.ca\/International\/wp-json\/wp\/v2\/categories?post=143836"},{"taxonomy":"post_tag","embeddable":true,"href":"https:\/\/linitiative.ca\/International\/wp-json\/wp\/v2\/tags?post=143836"}],"curies":[{"name":"wp","href":"https:\/\/api.w.org\/{rel}","templated":true}]}}