{"id":143837,"date":"2022-03-23T14:00:00","date_gmt":"2022-03-23T18:00:00","guid":{"rendered":"https:\/\/linitiative.ca\/International\/en-se-couchant-a-louest-le-soleil-se-leve-a-lest\/"},"modified":"2022-03-23T14:00:00","modified_gmt":"2022-03-23T18:00:00","slug":"en-se-couchant-a-louest-le-soleil-se-leve-a-lest","status":"publish","type":"post","link":"https:\/\/linitiative.ca\/International\/en-se-couchant-a-louest-le-soleil-se-leve-a-lest\/","title":{"rendered":"En se couchant \u00e0 l\u2019Ouest, le Soleil se l\u00e8ve \u00e0 l\u2019Est."},"content":{"rendered":"<div>\n<p class=\"has-black-color has-text-color\"><strong>Voudrait-on mettre hors la loi la guerre que les forces imp\u00e9rialistes en fomenteraient une pour s\u2019y opposer. Elles l\u2019accompagneront d\u2019une pression m\u00e9diatique comme elles savent bien le faire et dont elles en ont les moyens. Une guerre pour la paix, dira-t-on\u00a0!<\/strong><\/p>\n<p class=\"has-black-color has-text-color\">C\u2019est ainsi que le monde vit actuellement dans une illusion o\u00f9,apr\u00e8s les nombreuses guerres du vingti\u00e8me si\u00e8cle et l\u2019utilisation de l\u2019arme nucl\u00e9aire, la recherche du rapport de forces laisse croire au r\u00e8gne de la paix.<\/p>\n<p class=\"has-black-color has-text-color\">Faut-il lire Clausewitz pour comprendre que les forces imp\u00e9rialistes, qui veulent perp\u00e9tuer leur statut de \u00ab\u00a0gendarme du monde\u00a0\u00bb, consid\u00e8rent que la guerre est le prolongement de leur politique. Une politique h\u00e9g\u00e9monique qui vise la main mise sur le march\u00e9 mondial par des interventions militaires mena\u00e7ant la paix dans le monde.<\/p>\n<p class=\"has-black-color has-text-color\">R\u00e9gir le monde, tel est l\u2019objectif d\u00e9clar\u00e9 des Etats Unis d\u2019Am\u00e9rique.Par cela, l\u2019humanit\u00e9 se trouve tr\u00e8s loin de la pr\u00e9servation des conflits arm\u00e9s et de l\u2019action pour se pr\u00e9munir des violences et de leurs abominables souffrances.<\/p>\n<p class=\"has-black-color has-text-color\">Pour les forces imp\u00e9rialistes,la mise en \u0153uvre des \u00ab moyens politiques pour \u00e9viter la guerre\u00a0\u00bb n\u2019est que man\u0153uvres dilatoires pour mieux appliquer leur f\u00e9rocit\u00e9. La cible du moment est sanctionn\u00e9e jusqu\u2019\u00e0 l\u2019\u00e9touffement. La volont\u00e9 de l\u2019isoler, en usant de tous les subterfuges moralisateurs pour lesquels elles n\u2019ont aucune consid\u00e9ration, ne constitue qu\u2019un \u00e9cran de fum\u00e9e annonciateur de qui sera la prochaine cible.<\/p>\n<p class=\"has-black-color has-text-color\">Cette guerre qui dure depuis un mois en Ukraine, et dont certains veulent en faire une troisi\u00e8me guerre mondiale (qu\u2019\u00e0 Dieu ne plaise), ne peut se comprendre si l\u2019on ne connait pas \u00ab\u00a0les dessous des cartes\u00a0\u00bb. La v\u00e9rit\u00e9 est dissimul\u00e9e par la propagande mensong\u00e8re et le tapage m\u00e9diatique occulte l\u2019information objective.<\/p>\n<p class=\"has-black-color has-text-color\">La spirale de la guerre, frein\u00e9e par la pand\u00e9mie de la covid19, a repris apr\u00e8s les \u00e9lections \u00e9tasuniennes. Le nouveau pr\u00e9sident des USA avait d\u00e9j\u00e0 les id\u00e9es bien arr\u00eat\u00e9es sur le sujet, pour avoir participer avec l\u2019aide de milices n\u00e9onazies au putsch de Maidan, en Ukraine.Et pour le m\u00eame but, il a entrepris des efforts diplomatiques pour isoler la Russie de la Chine.<\/p>\n<p class=\"has-black-color has-text-color\">Bien avant\u00a0; apr\u00e8s la chute du mur de Berlin, vers la fin du vingti\u00e8me si\u00e8cle, et dans le m\u00eame dessein, l\u2019OTAN va s\u2019\u00e9tendre \u00e0 des pays ayant fait partie ant\u00e9rieurement, du temps de l\u2019URSS, au pacte de Varsovie. Ajouter \u00e0 cela, la sortie des Etats Unis d\u2019Am\u00e9rique du trait\u00e9 ABM, qui limitait l\u2019installation de boucliers antimissiles et la d\u00e9nonciation unilat\u00e9rale, par les m\u00eames USA, des trait\u00e9s nucl\u00e9aires INF (2019) et Open Sky (2020) qui garantissaient une certaine s\u00e9curit\u00e9 et maintenaient un dialogue strat\u00e9gique.<\/p>\n<p class=\"has-black-color has-text-color\">Dans ce contexte, l\u2019Ukraine devenait un abc\u00e8s\u00a0;d\u00e8s lors que toutes les options diplomatiques (mise en \u0153uvre des accords de Minsk, non-adh\u00e9sion de l\u2019Ukraine \u00e0 l\u2019OTAN) s\u2019av\u00e9raient annul\u00e9es par ceux qui cherchaient l\u2019affrontement.<\/p>\n<p class=\"has-black-color has-text-color\">C\u2019est aussi sur la base de la r\u00e9alit\u00e9 des faits que peut s\u2019expliquer l\u2019absence ou l\u2019abstention de pays au vote des Nations Unies du 2 mars 2022 \u00e0 propos du conflit en Ukraine.<\/p>\n<p class=\"has-black-color has-text-color\">Au-del\u00e0 de l\u2019issue du conflit caract\u00e9ris\u00e9 par la pratique relev\u00e9e par l\u2019adage \u00ab\u00a0frappe le et pleure, et devance le pour le d\u00e9noncer\u00a0\u00bb, des constats amers sur le cynisme, le racisme et le manque d\u2019humanisme des forces imp\u00e9rialistes se trouvent confirm\u00e9s par la r\u00e9alit\u00e9. Appliquant le \u00ab deux poids deux mesures \u00bb et mues par leurs seuls int\u00e9r\u00eats, elles font fi de leurs engagements quand elles croient pouvoir multiplier leurs profits et \u00e9tablir leur pr\u00e9\u00e9minence aux d\u00e9pens des populations, de l\u2019environnement et de l\u2019\u00e9cologie de la plan\u00e8te et des \u00e9tats souverains.<\/p>\n<p class=\"has-black-color has-text-color\">Si le prix de la guerre n\u2019est que ruines,l\u2019espoir est que \u00ab\u00a0l\u2019effet naturel de porter \u00e0 la paix \u00bb de la personne humaine l\u2019emporte sur la violence guerri\u00e8re issue des exc\u00e8s de l\u2019\u00e9conomie de march\u00e9, des dysfonctionnements de la d\u00e9mocratie et des vis\u00e9es belliqueuses des forces imp\u00e9rialistes. Ces derni\u00e8res portent toute la responsabilit\u00e9 de la crise provoqu\u00e9e par elles.<\/p>\n<p class=\"has-black-color has-text-color\">En pr\u00eachant \u00ab\u00a0la fin de l\u2019histoire\u00a0\u00bb et l\u2019\u00e9tablissement d\u2019un monde du mensonge, les forces imp\u00e9rialistes, au risque du p\u00e9ril pour elles-m\u00eames, suscitent la guerre.L\u2019optimisme \u00e9clair\u00e9 voudrait que cela soit \u00ab\u00a0le d\u00e9but de l\u2019histoire\u00a0\u00bb qui s\u2019annonce.En se couchant \u00e0 l\u2019Ouest, le Soleil se l\u00e8ve, pour tous, \u00e0 l\u2019Est.<\/p>\n<p>L\u2019article <a rel=\"nofollow\" href=\"http:\/\/albayane.press.ma\/en-se-couchant-a-louest-le-soleil-se-leve-a-lest.html\">En se couchant \u00e0 l\u2019Ouest, le Soleil se l\u00e8ve \u00e0 l\u2019Est.<\/a> est apparu en premier sur <a rel=\"nofollow\" href=\"http:\/\/albayane.press.ma\/\">ALBAYANE<\/a>.<\/p>\n<\/div>\n<p>Auteur: M&rsquo;hammed rahal<br \/>\n<a href=\"http:\/\/albayane.press.ma\/en-se-couchant-a-louest-le-soleil-se-leve-a-lest.html\">Cliquez ici pour lire l&rsquo;article depuis sa source.<\/a><\/p>\n","protected":false},"excerpt":{"rendered":"<p>Voudrait-on mettre hors la loi la guerre que les forces imp\u00e9rialistes en fomenteraient une pour s\u2019y opposer. Elles l\u2019accompagneront d\u2019une pression m\u00e9diatique comme elles savent bien le faire et dont elles en ont les moyens. Une guerre pour la paix, dira-t-on\u00a0! C\u2019est ainsi que le monde vit actuellement dans une illusion o\u00f9,apr\u00e8s les nombreuses guerres [&hellip;]<\/p>\n","protected":false},"author":1760,"featured_media":0,"comment_status":"closed","ping_status":"closed","sticky":false,"template":"","format":"standard","meta":{"fifu_image_url":"","fifu_image_alt":"","footnotes":""},"categories":[73,54],"tags":[],"class_list":["post-143837","post","type-post","status-publish","format-standard","hentry","category-actualite","category-maroc"],"_links":{"self":[{"href":"https:\/\/linitiative.ca\/International\/wp-json\/wp\/v2\/posts\/143837","targetHints":{"allow":["GET"]}}],"collection":[{"href":"https:\/\/linitiative.ca\/International\/wp-json\/wp\/v2\/posts"}],"about":[{"href":"https:\/\/linitiative.ca\/International\/wp-json\/wp\/v2\/types\/post"}],"author":[{"embeddable":true,"href":"https:\/\/linitiative.ca\/International\/wp-json\/wp\/v2\/users\/1760"}],"replies":[{"embeddable":true,"href":"https:\/\/linitiative.ca\/International\/wp-json\/wp\/v2\/comments?post=143837"}],"version-history":[{"count":0,"href":"https:\/\/linitiative.ca\/International\/wp-json\/wp\/v2\/posts\/143837\/revisions"}],"wp:attachment":[{"href":"https:\/\/linitiative.ca\/International\/wp-json\/wp\/v2\/media?parent=143837"}],"wp:term":[{"taxonomy":"category","embeddable":true,"href":"https:\/\/linitiative.ca\/International\/wp-json\/wp\/v2\/categories?post=143837"},{"taxonomy":"post_tag","embeddable":true,"href":"https:\/\/linitiative.ca\/International\/wp-json\/wp\/v2\/tags?post=143837"}],"curies":[{"name":"wp","href":"https:\/\/api.w.org\/{rel}","templated":true}]}}