{"id":143844,"date":"2022-03-24T12:14:15","date_gmt":"2022-03-24T16:14:15","guid":{"rendered":"https:\/\/linitiative.ca\/International\/lapproche-genre-et-lentrepreneuriat-social-sous-la-loupe\/"},"modified":"2022-03-24T12:14:15","modified_gmt":"2022-03-24T16:14:15","slug":"lapproche-genre-et-lentrepreneuriat-social-sous-la-loupe","status":"publish","type":"post","link":"https:\/\/linitiative.ca\/International\/lapproche-genre-et-lentrepreneuriat-social-sous-la-loupe\/","title":{"rendered":"L\u2019approche genre et l\u2019entrepreneuriat social sous la loupe"},"content":{"rendered":"<div>\n<div style=\"margin-bottom:20px;\"><img loading=\"lazy\" decoding=\"async\" width=\"750\" height=\"430\" src=\"https:\/\/linitiative.ca\/International\/wp-content\/uploads\/sites\/23\/2022\/03\/approche-copier.jpg\" class=\"attachment-post-thumbnail size-post-thumbnail wp-post-image\" alt=\"\" srcset=\"https:\/\/linitiative.ca\/International\/wp-content\/uploads\/sites\/23\/2022\/03\/approche-copier.jpg 750w, https:\/\/www.mapmarrakech.ma\/map\/uploads\/2022\/03\/approche-copier-300x172.jpg 300w\" sizes=\"auto, (max-width: 750px) 100vw, 750px\"><\/div>\n<p>Organis\u00e9e en partenariat avec le minist\u00e8re du tourisme, de l\u2019artisanat, et de l\u2019\u00e9conomie sociale et solidaire, l\u2019Agence Fran\u00e7aise de D\u00e9veloppement (AFD), et Affaires Mondiales Canada (AMC), cette table rende a pour objectifs de sensibiliser les institutions publiques, les participantes et le grand public sur les proc\u00e9d\u00e9s n\u00e9cessaires pour devenir entrepreneuses, et de formuler une s\u00e9rie de recommandations visant \u00e0 faciliter l\u2019acc\u00e8s des femmes des zones rurales aux services et produits de l\u2019entreprenariat dans la r\u00e9gion.<\/p>\n<p>Ce conclave se propose \u00e9galement de cr\u00e9er un espace d\u2019\u00e9change entre les participantes pour partager leur vision et renforcer ainsi, la redevabilit\u00e9 sociale afin de permettre aux femmes d\u2019acc\u00e9der au monde de l\u2019entreprenariat social.<\/p>\n<p>Dans une d\u00e9claration \u00e0 M24, la chaine t\u00e9l\u00e9vis\u00e9e de l\u2019information en continu de la MAP en marge des travaux de cette table ronde, la directrice de \u00ab\u00a0Care Maroc\u00a0\u00bb, Mme Hlima Rakzaoui, a soulign\u00e9 que depuis 2013, quelque 184 associations villageoises d\u2019\u00e9pargne et de cr\u00e9dit ont pu cibler plus de 3.000 femmes en plus des groupes mixtes de jeunes femmes et hommes, au niveau national.<\/p>\n<p>Et d\u2019ajouter que l\u2019ambition de \u00ab\u00a0Care Maroc\u00a0\u00bb est de pouvoir atteindre 1 million de femmes en comptant sur l\u2019appui du minist\u00e8re du tourisme, de l\u2019artisanat, et de l\u2019\u00e9conomie sociale et solidaire ainsi que des acteurs de la soci\u00e9t\u00e9 civile.<\/p>\n<p>Pour sa part, le chef de la division de planification et de programmation de l\u2019\u00e9conomie sociale au sein du minist\u00e8re du tourisme, de l\u2019artisanat, et de l\u2019\u00e9conomie sociale et solidaire, M. Mohamed Hilali, a fait savoir que la participation du minist\u00e8re \u00e0 cette table ronde s\u2019inscrit dans le cadre de la strat\u00e9gie nationale du d\u00e9veloppement de l\u2019\u00e9conomie sociale et ce, dans l\u2019optique de sortir avec une panoplie de recommandations relatives \u00e0 l\u2019autonomisation des femmes et de parvenir ult\u00e9rieurement \u00e0 dupliquer ce projet dans les autres r\u00e9gions du Royaume.<\/p>\n<p>Il a not\u00e9 que plusieurs programmes de coop\u00e9ration relatifs \u00e0 l\u2019autonomisation de la femme sont op\u00e9rationnels, notamment dans le cadre de la coop\u00e9ration avec le Canada, l\u2019Espagne et la France.<\/p>\n<p>Un grand effort est, de m\u00eame, d\u00e9ploy\u00e9 afin de parvenir \u00e0 mettre sur pied un p\u00f4le de l\u2019\u00e9conomie sociale et de structurer davantage l\u2019intervention du gouvernement en mati\u00e8re de mise \u00e0 niveau de l\u2019\u00e9conomie nationale et ce, dans le cadre du nouveau projet d\u2019une strat\u00e9gie nationale qui est en phase de finalisation et qui se mettra en place pour les ann\u00e9es avenir.<\/p>\n<p>M. Jean Touchette, Conseiller et Chef de Coop\u00e9ration des Affaires Mondiale \u00e0 l\u2019ambassade du Canada \u00e0 Rabat, a, quant \u00e0 lui, indiqu\u00e9 que le Canada a une politique d\u2019aide internationale f\u00e9ministe, qui ambitionne de contribuer aux efforts d\u00e9j\u00e0 entrepris en vue de r\u00e9duire \u00e0 travers le monde et notamment au Maroc, les in\u00e9galit\u00e9s bas\u00e9es sur le genre.<\/p>\n<p>Dans la m\u00eame lign\u00e9e, il a lou\u00e9 l\u2019excellence des relations unissant le Canada et le Royaume, deux pays qui partagent les m\u00eames objectifs de l\u2019approche genre et estiment que le meilleur moyen pour b\u00e2tir un monde prosp\u00e8re et durable, c\u2019est de r\u00e9duire ces in\u00e9galit\u00e9s qui constituent un frein au d\u00e9veloppement socio-\u00e9conomique.<\/p>\n<p>Les deux pays demeurent aussi d\u00e9termin\u00e9s \u00e0 promouvoir et \u00e0 renforcer les droits des femmes et des filles, \u00e0 lutter contre la violence \u00e0 leur \u00e9gard, \u00e0 favoriser l\u2019autonomisation des femmes dans le monde rural, et \u00e0 promouvoir et am\u00e9liorer leur sant\u00e9, a-t-il conclu.<\/p>\n<p>Lors de cette table ronde, les participants se sont arr\u00eat\u00e9s aussi sur le r\u00f4le de l\u2019association villageoise d\u2019\u00e9pargne et de cr\u00e9dit (AVEC), qui comprend entre 15 et 30 membres auto-s\u00e9lectionn\u00e9s, cr\u00e9ant une caisse d\u2019\u00e9pargne qui va \u00eatre investie dans un fonds de cr\u00e9dit aupr\u00e8s duquel, les membres peuvent emprunter et rembourser leur pr\u00eat dans un d\u00e9lai de 3 mois. Cette caisse d\u2019\u00e9pargne a pu d\u00e9montrer son efficacit\u00e9 sur le moyen et le long termes et r\u00e9soudre la probl\u00e9matique du financement des projets choisis par les femmes elles-m\u00eames, pour avoir des activit\u00e9s g\u00e9n\u00e9ratrices de revenu (AGR).<\/p>\n<p>Ces femmes b\u00e9n\u00e9ficient d\u2019un cycle de formation qui comprend notamment, la gestion des projets, l\u2019\u00e9tablissement du business\u2013plan, la gestion de la comptabilit\u00e9, la vente des produits, ainsi que des formations allant dans le sens de lutter contre l\u2019analphab\u00e9tisme des femmes.<\/p>\n<p>Cette table ronde a servi \u00e9galement d\u2019occasion pour \u00ab\u00a0Care Maroc\u00a0\u00bb de focaliser sur le contexte du projet \u00ab\u00a0Autonomisation des Femmes \u00e0 travers l\u2019entrepreneuriat durable (AFED)\u00a0\u00bb, qui s\u2019assigne pour but de lutter contre les causes profondes de la pauvret\u00e9 et intervient en partenariat avec 40 organisations de la soci\u00e9t\u00e9 civile et 10 institutions d\u2019appui au commerce (IAC), afin de mettre en \u0153uvre des plans de d\u00e9veloppement des entreprises et coop\u00e9ratives cr\u00e9\u00e9es par des femmes.<\/p>\n<p>L\u2019occasion a \u00e9t\u00e9 aussi de d\u00e9voiler la m\u00e9thodologie appliqu\u00e9e au sein de \u00ab\u00a0Care Maroc\u00a0\u00bb, de comprendre les barri\u00e8res sp\u00e9cifiques entravant tout acc\u00e8s \u00e0 l\u2019entrepreneuriat au f\u00e9minin, et de recueillir de vifs t\u00e9moignages de femmes ayant r\u00e9ussi leurs projets au niveau de la r\u00e9gion Marrakech-Safi.<\/p>\n<p>The post <a rel=\"nofollow\" href=\"https:\/\/www.mapmarrakech.ma\/fr\/lapproche-genre-et-lentrepreneuriat-social-sous-la-loupe\/\">L\u2019approche genre et l\u2019entrepreneuriat social sous la loupe<\/a> appeared first on <a rel=\"nofollow\" href=\"https:\/\/www.mapmarrakech.ma\/fr\">MapMarrakech<\/a>.<\/p>\n<\/div>\n<p>Auteur: Meriem IGASS<br \/>\n<a href=\"https:\/\/www.mapmarrakech.ma\/fr\/lapproche-genre-et-lentrepreneuriat-social-sous-la-loupe\/\">Cliquez ici pour lire l&rsquo;article depuis sa source.<\/a><\/p>\n","protected":false},"excerpt":{"rendered":"<p>Organis\u00e9e en partenariat avec le minist\u00e8re du tourisme, de l\u2019artisanat, et de l\u2019\u00e9conomie sociale et solidaire, l\u2019Agence Fran\u00e7aise de D\u00e9veloppement (AFD), et Affaires Mondiales Canada (AMC), cette table rende a pour objectifs de sensibiliser les institutions publiques, les participantes et le grand public sur les proc\u00e9d\u00e9s n\u00e9cessaires pour devenir entrepreneuses, et de formuler une s\u00e9rie [&hellip;]<\/p>\n","protected":false},"author":1788,"featured_media":0,"comment_status":"closed","ping_status":"closed","sticky":false,"template":"","format":"standard","meta":{"fifu_image_url":"https:\/\/www.mapmarrakech.ma\/map\/uploads\/2022\/03\/approche-copier.jpg","fifu_image_alt":"L\u2019approche genre et l\u2019entrepreneuriat social sous la loupe","footnotes":""},"categories":[54,76],"tags":[],"class_list":["post-143844","post","type-post","status-publish","format-standard","hentry","category-maroc","category-regions"],"_links":{"self":[{"href":"https:\/\/linitiative.ca\/International\/wp-json\/wp\/v2\/posts\/143844","targetHints":{"allow":["GET"]}}],"collection":[{"href":"https:\/\/linitiative.ca\/International\/wp-json\/wp\/v2\/posts"}],"about":[{"href":"https:\/\/linitiative.ca\/International\/wp-json\/wp\/v2\/types\/post"}],"author":[{"embeddable":true,"href":"https:\/\/linitiative.ca\/International\/wp-json\/wp\/v2\/users\/1788"}],"replies":[{"embeddable":true,"href":"https:\/\/linitiative.ca\/International\/wp-json\/wp\/v2\/comments?post=143844"}],"version-history":[{"count":0,"href":"https:\/\/linitiative.ca\/International\/wp-json\/wp\/v2\/posts\/143844\/revisions"}],"wp:attachment":[{"href":"https:\/\/linitiative.ca\/International\/wp-json\/wp\/v2\/media?parent=143844"}],"wp:term":[{"taxonomy":"category","embeddable":true,"href":"https:\/\/linitiative.ca\/International\/wp-json\/wp\/v2\/categories?post=143844"},{"taxonomy":"post_tag","embeddable":true,"href":"https:\/\/linitiative.ca\/International\/wp-json\/wp\/v2\/tags?post=143844"}],"curies":[{"name":"wp","href":"https:\/\/api.w.org\/{rel}","templated":true}]}}