{"id":143846,"date":"2022-03-24T13:10:03","date_gmt":"2022-03-24T17:10:03","guid":{"rendered":"https:\/\/linitiative.ca\/International\/previsions-meteorologiques-pour-le-vendredi-25-mars-2022\/"},"modified":"2022-03-24T13:10:03","modified_gmt":"2022-03-24T17:10:03","slug":"previsions-meteorologiques-pour-le-vendredi-25-mars-2022","status":"publish","type":"post","link":"https:\/\/linitiative.ca\/International\/previsions-meteorologiques-pour-le-vendredi-25-mars-2022\/","title":{"rendered":"Pr\u00e9visions m\u00e9t\u00e9orologiques pour le vendredi 25 mars 2022"},"content":{"rendered":"<div>\n<div style=\"margin-bottom:20px;\"><img loading=\"lazy\" decoding=\"async\" width=\"750\" height=\"430\" src=\"https:\/\/linitiative.ca\/International\/wp-content\/uploads\/sites\/23\/2022\/03\/nuage_mC3A9tC3A9o_ciel.jpg\" class=\"attachment-post-thumbnail size-post-thumbnail wp-post-image\" alt=\"\" srcset=\"https:\/\/linitiative.ca\/International\/wp-content\/uploads\/sites\/23\/2022\/03\/nuage_mC3A9tC3A9o_ciel.jpg 750w, https:\/\/www.mapmarrakech.ma\/map\/uploads\/2022\/01\/nuage_m\u00e9t\u00e9o_ciel-300x172.jpg 300w\" sizes=\"auto, (max-width: 750px) 100vw, 750px\"><\/div>\n<p align=\"justify\">\u2013 Quelques averses avec risque orages sur les r\u00e9gions Nord, l\u2019Oriental, le Rif, le Saiss, l\u2019Atlas et la M\u00e9diterran\u00e9e.<\/p>\n<p align=\"justify\">\u2013 Ond\u00e9es ou gouttes \u00e9parses sur les r\u00e9gions \u00e0 l\u2019Ouest de l\u2019Atlas, les versants Sud-Est, le Centre, le Souss et le Nord des provinces Sud.<\/p>\n<p align=\"justify\">\u2013 Flocons de neige sur les sommets des Haut et Moyen Atlas et du Rif.<\/p>\n<p align=\"justify\">\u2013 Temps assez froid sur l\u2019int\u00e9rieur du pays, et notamment sur les montagnes.<\/p>\n<p align=\"justify\">\u2013 Formations brumeuses par endroits sur les plaines Nord et Centre.<\/p>\n<p align=\"justify\">\u2013 Vent mod\u00e9r\u00e9 de nord sur le Sud de l\u2019Atlas et les c\u00f4tes Sud.<\/p>\n<p align=\"justify\">\u2013 Chasse-poussi\u00e8res par endroits sur l\u2019extr\u00eame Sud du pays.<\/p>\n<p align=\"justify\">\u2013 Temp\u00e9ratures minimales de l\u2019ordre de -03\/04\u00b0C sur l\u2019Atlas et le Rif, 03\/11\u00b0C sur les versants Sud-Est, l\u2019Oriental et les r\u00e9gions int\u00e9rieures Nord et Centre, 08\/13\u00b0C sur les c\u00f4tes Nord et Centre et le Sud-Est et de 10\/17\u00b0C sur les provinces Sud.<\/p>\n<p align=\"justify\">\u2013 Temp\u00e9ratures du jour en baisse notable sur l\u2019Oriental et en hausse en g\u00e9n\u00e9ral ailleurs.<\/p>\n<p align=\"justify\">\u2013 Mer peu agit\u00e9e \u00e0 agit\u00e9e sur la M\u00e9diterran\u00e9e et le\u00a0D\u00e9troit, peu agit\u00e9e \u00e0 agit\u00e9e et temporairement agit\u00e9e \u00e0 forte entre Safi et Tarfaya.<\/p>\n<p>The post <a rel=\"nofollow\" href=\"https:\/\/www.mapmarrakech.ma\/fr\/previsions-meteorologiques-pour-le-vendredi-25-mars-2022\/\">Pr\u00e9visions m\u00e9t\u00e9orologiques pour le vendredi 25 mars 2022<\/a> appeared first on <a rel=\"nofollow\" href=\"https:\/\/www.mapmarrakech.ma\/fr\">MapMarrakech<\/a>.<\/p>\n<\/div>\n<p>Auteur: Meriem IGASS<br \/>\n<a href=\"https:\/\/www.mapmarrakech.ma\/fr\/previsions-meteorologiques-pour-le-vendredi-25-mars-2022\/\">Cliquez ici pour lire l&rsquo;article depuis sa source.<\/a><\/p>\n","protected":false},"excerpt":{"rendered":"<p>\u2013 Quelques averses avec risque orages sur les r\u00e9gions Nord, l\u2019Oriental, le Rif, le Saiss, l\u2019Atlas et la M\u00e9diterran\u00e9e. \u2013 Ond\u00e9es ou gouttes \u00e9parses sur les r\u00e9gions \u00e0 l\u2019Ouest de l\u2019Atlas, les versants Sud-Est, le Centre, le Souss et le Nord des provinces Sud. \u2013 Flocons de neige sur les sommets des Haut et Moyen [&hellip;]<\/p>\n","protected":false},"author":1788,"featured_media":0,"comment_status":"closed","ping_status":"closed","sticky":false,"template":"","format":"standard","meta":{"fifu_image_url":"https:\/\/www.mapmarrakech.ma\/map\/uploads\/2022\/01\/nuage_m\u00e9t\u00e9o_ciel.jpg","fifu_image_alt":"Pr\u00e9visions m\u00e9t\u00e9orologiques pour le vendredi 25 mars 2022","footnotes":""},"categories":[54,76],"tags":[],"class_list":["post-143846","post","type-post","status-publish","format-standard","hentry","category-maroc","category-regions"],"_links":{"self":[{"href":"https:\/\/linitiative.ca\/International\/wp-json\/wp\/v2\/posts\/143846","targetHints":{"allow":["GET"]}}],"collection":[{"href":"https:\/\/linitiative.ca\/International\/wp-json\/wp\/v2\/posts"}],"about":[{"href":"https:\/\/linitiative.ca\/International\/wp-json\/wp\/v2\/types\/post"}],"author":[{"embeddable":true,"href":"https:\/\/linitiative.ca\/International\/wp-json\/wp\/v2\/users\/1788"}],"replies":[{"embeddable":true,"href":"https:\/\/linitiative.ca\/International\/wp-json\/wp\/v2\/comments?post=143846"}],"version-history":[{"count":0,"href":"https:\/\/linitiative.ca\/International\/wp-json\/wp\/v2\/posts\/143846\/revisions"}],"wp:attachment":[{"href":"https:\/\/linitiative.ca\/International\/wp-json\/wp\/v2\/media?parent=143846"}],"wp:term":[{"taxonomy":"category","embeddable":true,"href":"https:\/\/linitiative.ca\/International\/wp-json\/wp\/v2\/categories?post=143846"},{"taxonomy":"post_tag","embeddable":true,"href":"https:\/\/linitiative.ca\/International\/wp-json\/wp\/v2\/tags?post=143846"}],"curies":[{"name":"wp","href":"https:\/\/api.w.org\/{rel}","templated":true}]}}