{"id":143848,"date":"2022-03-24T13:45:08","date_gmt":"2022-03-24T17:45:08","guid":{"rendered":"https:\/\/linitiative.ca\/International\/macroeconomie-les-projections-de-bam-en-5-points-cles\/"},"modified":"2022-03-24T13:45:08","modified_gmt":"2022-03-24T17:45:08","slug":"macroeconomie-les-projections-de-bam-en-5-points-cles","status":"publish","type":"post","link":"https:\/\/linitiative.ca\/International\/macroeconomie-les-projections-de-bam-en-5-points-cles\/","title":{"rendered":"Macro\u00e9conomie: les projections de BAM en 5 points cl\u00e9s"},"content":{"rendered":"<div>\n<div style=\"margin-bottom:20px;\"><img loading=\"lazy\" decoding=\"async\" width=\"750\" height=\"430\" src=\"https:\/\/linitiative.ca\/International\/wp-content\/uploads\/sites\/23\/2022\/03\/bam-.jpg\" class=\"attachment-post-thumbnail size-post-thumbnail wp-post-image\" alt=\"\" srcset=\"https:\/\/linitiative.ca\/International\/wp-content\/uploads\/sites\/23\/2022\/03\/bam-.jpg 750w, https:\/\/www.mapmarrakech.ma\/map\/uploads\/2022\/02\/bam--300x172.jpg 300w\" sizes=\"auto, (max-width: 750px) 100vw, 750px\"><\/div>\n<p><b>1. D\u00e9ficit du compte courant: <\/b><\/p>\n<p>\u2013 Accentuation \u00e0 5,5% du PIB en 2022.<\/p>\n<p>\u2013 All\u00e8gement \u00e0 3,7% du PIB en 2023.<\/p>\n<p><b>2. Conditions mon\u00e9taires favorables et mod\u00e9ration de la croissance du cr\u00e9dit au secteur non financier (SNF) sur l\u2019horizon de pr\u00e9vision:<\/b><\/p>\n<p>\u2013 Le taux de change effectif r\u00e9el devrait se d\u00e9pr\u00e9cier de 1,3% en moyenne sur l\u2019horizon de pr\u00e9vision.<\/p>\n<p>\u2013 Le d\u00e9ficit de liquidit\u00e9 bancaire devrait se situer \u00e0 75,1 milliards de dirhams (MMDH) \u00e0 fin 2022 et \u00e0 88,3 MMDH \u00e0 fin 2023.<\/p>\n<p><b>3. Quasi-stabilit\u00e9 de la situation budg\u00e9taire en 2022 et l\u00e9g\u00e8re att\u00e9nuation en 2023:<\/b><\/p>\n<p>\u2013 Le d\u00e9ficit budg\u00e9taire devrait se stabiliser \u00e0 6,3% du PIB en 2022.<\/p>\n<p>\u2013 En 2023, le d\u00e9ficit budg\u00e9taire s\u2019att\u00e9nuerait \u00e0 5,9%.<\/p>\n<p><b>4. Forte baisse de la valeur ajout\u00e9e agricole en 2022:<\/b><\/p>\n<p>\u2013 La croissance connaitrait une nette d\u00e9c\u00e9l\u00e9ration \u00e0 0,7% en 2022, avant de s\u2019acc\u00e9l\u00e9rer \u00e0 4,6% en 2023.<\/p>\n<p>\u2013 La valeur ajout\u00e9e agricole devrait reculer de 19,8% en 2022, suivie d\u2019un accroissement de 17% en 2023.<\/p>\n<p><b>5. Forte acc\u00e9l\u00e9ration de l\u2019inflation en 2022:<\/b><\/p>\n<p>\u2013 L\u2019inflation atteindrait 4,7% en 2022 et reviendrait \u00e0 1,9% en 2023.<\/p>\n<p>\u2013 L\u2019inflation sous-jacente culminerait \u00e0 4,7% en 2022, avant de revenir \u00e0 2,6% en 2023, \u00e0 mesure que les pressions inflationnistes se dissipent.<\/p>\n<p>The post <a rel=\"nofollow\" href=\"https:\/\/www.mapmarrakech.ma\/fr\/macroeconomie-les-projections-de-bam-en-5-points-cles\/\">Macro\u00e9conomie: les projections de BAM en 5 points cl\u00e9s<\/a> appeared first on <a rel=\"nofollow\" href=\"https:\/\/www.mapmarrakech.ma\/fr\">MapMarrakech<\/a>.<\/p>\n<\/div>\n<p>Auteur: Meriem IGASS<br \/>\n<a href=\"https:\/\/www.mapmarrakech.ma\/fr\/macroeconomie-les-projections-de-bam-en-5-points-cles\/\">Cliquez ici pour lire l&rsquo;article depuis sa source.<\/a><\/p>\n","protected":false},"excerpt":{"rendered":"<p>1. D\u00e9ficit du compte courant: \u2013 Accentuation \u00e0 5,5% du PIB en 2022. \u2013 All\u00e8gement \u00e0 3,7% du PIB en 2023. 2. Conditions mon\u00e9taires favorables et mod\u00e9ration de la croissance du cr\u00e9dit au secteur non financier (SNF) sur l\u2019horizon de pr\u00e9vision: \u2013 Le taux de change effectif r\u00e9el devrait se d\u00e9pr\u00e9cier de 1,3% en moyenne [&hellip;]<\/p>\n","protected":false},"author":1788,"featured_media":0,"comment_status":"closed","ping_status":"closed","sticky":false,"template":"","format":"standard","meta":{"fifu_image_url":"https:\/\/www.mapmarrakech.ma\/map\/uploads\/2022\/02\/bam-.jpg","fifu_image_alt":"Macro\u00e9conomie: les projections de BAM en 5 points cl\u00e9s","footnotes":""},"categories":[54,76],"tags":[],"class_list":["post-143848","post","type-post","status-publish","format-standard","hentry","category-maroc","category-regions"],"_links":{"self":[{"href":"https:\/\/linitiative.ca\/International\/wp-json\/wp\/v2\/posts\/143848","targetHints":{"allow":["GET"]}}],"collection":[{"href":"https:\/\/linitiative.ca\/International\/wp-json\/wp\/v2\/posts"}],"about":[{"href":"https:\/\/linitiative.ca\/International\/wp-json\/wp\/v2\/types\/post"}],"author":[{"embeddable":true,"href":"https:\/\/linitiative.ca\/International\/wp-json\/wp\/v2\/users\/1788"}],"replies":[{"embeddable":true,"href":"https:\/\/linitiative.ca\/International\/wp-json\/wp\/v2\/comments?post=143848"}],"version-history":[{"count":0,"href":"https:\/\/linitiative.ca\/International\/wp-json\/wp\/v2\/posts\/143848\/revisions"}],"wp:attachment":[{"href":"https:\/\/linitiative.ca\/International\/wp-json\/wp\/v2\/media?parent=143848"}],"wp:term":[{"taxonomy":"category","embeddable":true,"href":"https:\/\/linitiative.ca\/International\/wp-json\/wp\/v2\/categories?post=143848"},{"taxonomy":"post_tag","embeddable":true,"href":"https:\/\/linitiative.ca\/International\/wp-json\/wp\/v2\/tags?post=143848"}],"curies":[{"name":"wp","href":"https:\/\/api.w.org\/{rel}","templated":true}]}}