{"id":143850,"date":"2022-03-24T10:00:00","date_gmt":"2022-03-24T14:00:00","guid":{"rendered":"https:\/\/linitiative.ca\/International\/oujda-rencontre-sur-lautonomisation-economique-des-femmes\/"},"modified":"2022-03-24T10:00:00","modified_gmt":"2022-03-24T14:00:00","slug":"oujda-rencontre-sur-lautonomisation-economique-des-femmes","status":"publish","type":"post","link":"https:\/\/linitiative.ca\/International\/oujda-rencontre-sur-lautonomisation-economique-des-femmes\/","title":{"rendered":"Oujda : rencontre sur l\u2019autonomisation \u00e9conomique des femmes"},"content":{"rendered":"<div>\n<div style=\"margin-bottom:20px;\"><img loading=\"lazy\" decoding=\"async\" width=\"750\" height=\"430\" src=\"https:\/\/linitiative.ca\/International\/wp-content\/uploads\/sites\/23\/2022\/03\/Le-coordinateur-rC3A9gional-de-lE28099ADS-dans-lE28099Oriental-Ahmed-El-Bouziani-750C397430-MAP.jpg\" class=\"attachment-post-thumbnail size-post-thumbnail wp-post-image\" alt=\"\" srcset=\"https:\/\/linitiative.ca\/International\/wp-content\/uploads\/sites\/23\/2022\/03\/Le-coordinateur-rC3A9gional-de-lE28099ADS-dans-lE28099Oriental-Ahmed-El-Bouziani-750C397430-MAP.jpg 750w, https:\/\/www.mapoujda.ma\/map\/uploads\/2022\/03\/Le-coordinateur-r\u00e9gional-de-l\u2019ADS-dans-l\u2019Oriental-Ahmed-El-Bouziani-750\u00d7430-MAP-300x172.jpg 300w\" sizes=\"auto, (max-width: 750px) 100vw, 750px\"><\/div>\n<p style=\"text-align: justify;\">\u00ab\u00a0L\u2019autonomisation \u00e9conomique des femmes, levier essentiel pour leur insertion sociale\u00a0\u00bb est le th\u00e8me d\u2019une rencontre de sensibilisation organis\u00e9e, mercredi \u00e0 Oujda, par la coordination r\u00e9gionale de l\u2019Oriental de l\u2019Agence de d\u00e9veloppement social (ADS), \u00e0 l\u2019occasion de la Journ\u00e9e internationale de la femme (8 mars).<\/p>\n<p style=\"text-align: justify;\">Initi\u00e9e en collaboration avec la Fondation de l\u2019Entraide Nationale, cette rencontre s\u2019inscrit dans le cadre des activit\u00e9s organis\u00e9es par le minist\u00e8re de la Solidarit\u00e9, de l\u2019Insertion Sociale et de la Famille, et les institutions qui y rel\u00e8vent au niveau des diff\u00e9rentes r\u00e9gions du Maroc tout au long du mois de mars, dans l\u2019objectif de sensibiliser aux droits des femmes, au renforcement de leurs capacit\u00e9s et \u00e0 leur autonomisation \u00e9conomique.<\/p>\n<p style=\"text-align: justify;\">A cette occasion, le coordinateur r\u00e9gional de l\u2019ADS, Ahmed El Bouziani, a soulign\u00e9 que cette rencontre constitue une occasion d\u2019\u00e9changer sur les efforts entrepris par les diff\u00e9rents acteurs concern\u00e9s, dont les institutions publiques, les collectivit\u00e9s territoriales et la soci\u00e9t\u00e9 civile, pour l\u2019insertion sociale des femmes, la promotion de leur situation et la protection de leurs droits.<\/p>\n<p style=\"text-align: justify;\">Il s\u2019agit de se pencher aussi, a-t-il poursuivi, sur les moyens d\u2019am\u00e9liorer l\u2019efficacit\u00e9 des interventions r\u00e9alis\u00e9es dans ce cadre, en renfor\u00e7ant la coordination entre les diff\u00e9rents acteurs et la convergence des programmes visant \u00e0 am\u00e9liorer la condition des femmes.<\/p>\n<p style=\"text-align: justify;\">El Bouziani a \u00e9voqu\u00e9, dans ce sens, les projets financ\u00e9s et r\u00e9alis\u00e9s par l\u2019ADS, en collaboration avec le minist\u00e8re, en mati\u00e8re d\u2019autonomisation \u00e9conomique des femmes, et dont le nombre s\u2019\u00e9l\u00e8ve 450 projets g\u00e9n\u00e9rateurs de revenus entre 2016 et 2021.<\/p>\n<p style=\"text-align: justify;\">Les femmes de la r\u00e9gion de l\u2019Oriental ont b\u00e9n\u00e9fici\u00e9 aussi de plusieurs de ces projets, ainsi que d\u2019un accompagnement qui leur a permis de s\u2019organiser dans le cadre de 85 coop\u00e9ratives f\u00e9minines de pr\u00e8s de 1.300 membres, a-t-il fait savoir.<\/p>\n<p style=\"text-align: justify;\">Le repr\u00e9sentant de la wilaya de la r\u00e9gion de l\u2019Oriental, Mohamed Mansouri, a mis en exergue le r\u00f4le important de l\u2019Initiative Nationale pour le D\u00e9veloppement Humain (INDH) dans le domaine de l\u2019insertion \u00e9conomique des femmes, ainsi que son bilan de r\u00e9alisations en la mati\u00e8re.<\/p>\n<p style=\"text-align: justify;\">Il a relev\u00e9 que les femmes sont des acteurs cl\u00e9s dans la mise en \u0153uvre de l\u2019Initiative qui vise \u00e0 promouvoir leur situation, ainsi qu\u2019\u00e0 renforcer leur statut social, \u00e9conomique et culturel, en plus de pr\u00e9parer de nouvelles g\u00e9n\u00e9rations de femmes pionni\u00e8res dans le domaine du d\u00e9veloppement.<\/p>\n<p style=\"text-align: justify;\">La repr\u00e9sentante du Conseil de la r\u00e9gion de l\u2019Oriental, Khadija Douiri, a soulign\u00e9 le r\u00f4le de cette instance \u00e9lue en mati\u00e8re d\u2019int\u00e9gration sociale des femmes et les r\u00e9alisations accomplies dans ce domaine.<\/p>\n<p style=\"text-align: justify;\">Elle a expliqu\u00e9 que le Conseil accorde un int\u00e9r\u00eat particulier \u00e0 la planification sensible au genre, tout en veillant \u00e0 promouvoir les initiatives cr\u00e9atives ayant trait au renforcement du r\u00f4le de la femme dans les domaines \u00e9conomique, social, culturel et environnemental.<\/p>\n<p style=\"text-align: justify;\">La repr\u00e9sentante de la Fondation de l\u2019Entraide Nationale dans la r\u00e9gion de l\u2019Oriental, Aicha Maafa, a mis en relief la contribution de cette institution en mati\u00e8re de soutien \u00e0 la femme et de renforcement de son int\u00e9gration sociale.<\/p>\n<p>L\u2019article <a rel=\"nofollow\" href=\"https:\/\/www.mapoujda.ma\/fr\/oujda-rencontre-sur-lautonomisation-economique-des-femmes\/\">Oujda : rencontre sur l\u2019autonomisation \u00e9conomique des femmes<\/a> est apparu en premier sur <a rel=\"nofollow\" href=\"https:\/\/www.mapoujda.ma\/fr\">MapOujda<\/a>.<\/p>\n<\/div>\n<p>Auteur: Soufiane ELAHMAR<br \/>\n<a href=\"https:\/\/www.mapoujda.ma\/fr\/oujda-rencontre-sur-lautonomisation-economique-des-femmes\/\">Cliquez ici pour lire l&rsquo;article depuis sa source.<\/a><\/p>\n","protected":false},"excerpt":{"rendered":"<p>\u00ab\u00a0L\u2019autonomisation \u00e9conomique des femmes, levier essentiel pour leur insertion sociale\u00a0\u00bb est le th\u00e8me d\u2019une rencontre de sensibilisation organis\u00e9e, mercredi \u00e0 Oujda, par la coordination r\u00e9gionale de l\u2019Oriental de l\u2019Agence de d\u00e9veloppement social (ADS), \u00e0 l\u2019occasion de la Journ\u00e9e internationale de la femme (8 mars). Initi\u00e9e en collaboration avec la Fondation de l\u2019Entraide Nationale, cette rencontre [&hellip;]<\/p>\n","protected":false},"author":1788,"featured_media":0,"comment_status":"closed","ping_status":"closed","sticky":false,"template":"","format":"standard","meta":{"fifu_image_url":"https:\/\/www.mapoujda.ma\/map\/uploads\/2022\/03\/Le-coordinateur-r\u00e9gional-de-l\u2019ADS-dans-l\u2019Oriental-Ahmed-El-Bouziani-750\u00d7430-MAP.jpg","fifu_image_alt":"Oujda : rencontre sur l\u2019autonomisation \u00e9conomique des femmes","footnotes":""},"categories":[54,76],"tags":[],"class_list":["post-143850","post","type-post","status-publish","format-standard","hentry","category-maroc","category-regions"],"_links":{"self":[{"href":"https:\/\/linitiative.ca\/International\/wp-json\/wp\/v2\/posts\/143850","targetHints":{"allow":["GET"]}}],"collection":[{"href":"https:\/\/linitiative.ca\/International\/wp-json\/wp\/v2\/posts"}],"about":[{"href":"https:\/\/linitiative.ca\/International\/wp-json\/wp\/v2\/types\/post"}],"author":[{"embeddable":true,"href":"https:\/\/linitiative.ca\/International\/wp-json\/wp\/v2\/users\/1788"}],"replies":[{"embeddable":true,"href":"https:\/\/linitiative.ca\/International\/wp-json\/wp\/v2\/comments?post=143850"}],"version-history":[{"count":0,"href":"https:\/\/linitiative.ca\/International\/wp-json\/wp\/v2\/posts\/143850\/revisions"}],"wp:attachment":[{"href":"https:\/\/linitiative.ca\/International\/wp-json\/wp\/v2\/media?parent=143850"}],"wp:term":[{"taxonomy":"category","embeddable":true,"href":"https:\/\/linitiative.ca\/International\/wp-json\/wp\/v2\/categories?post=143850"},{"taxonomy":"post_tag","embeddable":true,"href":"https:\/\/linitiative.ca\/International\/wp-json\/wp\/v2\/tags?post=143850"}],"curies":[{"name":"wp","href":"https:\/\/api.w.org\/{rel}","templated":true}]}}