{"id":143854,"date":"2022-03-24T10:35:59","date_gmt":"2022-03-24T14:35:59","guid":{"rendered":"https:\/\/linitiative.ca\/International\/de-fortes-pluies-des-chutes-de-neige-et-de-fortes-rafales-de-vent\/"},"modified":"2022-03-24T10:35:59","modified_gmt":"2022-03-24T14:35:59","slug":"de-fortes-pluies-des-chutes-de-neige-et-de-fortes-rafales-de-vent","status":"publish","type":"post","link":"https:\/\/linitiative.ca\/International\/de-fortes-pluies-des-chutes-de-neige-et-de-fortes-rafales-de-vent\/","title":{"rendered":"De fortes pluies, des chutes de neige et de fortes rafales de vent"},"content":{"rendered":"<div>\n<div style=\"margin-bottom:20px;\"><img loading=\"lazy\" decoding=\"async\" width=\"750\" height=\"430\" src=\"https:\/\/linitiative.ca\/International\/wp-content\/uploads\/sites\/23\/2022\/03\/Rafales-de-vent-localement-fortes-750C397430-EPA-2.jpg\" class=\"attachment-post-thumbnail size-post-thumbnail wp-post-image\" alt=\"\" srcset=\"https:\/\/linitiative.ca\/International\/wp-content\/uploads\/sites\/23\/2022\/03\/Rafales-de-vent-localement-fortes-750C397430-EPA-2.jpg 750w, https:\/\/www.mapoujda.ma\/map\/uploads\/2021\/03\/Rafales-de-vent-localement-fortes-750\u00d7430-EPA-300x172.jpg 300w\" sizes=\"auto, (max-width: 750px) 100vw, 750px\"><\/div>\n<div>\n<p style=\"text-align: justify;\" align=\"justify\">De fortes pluies localement orageuses, des chutes de neige et de fortes rafales de vent sont pr\u00e9vues les jeudi et vendredi dans plusieurs provinces du Royaume, a annonc\u00e9 jeudi la Direction g\u00e9n\u00e9rale de la m\u00e9t\u00e9orologie (DGM).<\/p>\n<p style=\"text-align: justify;\" align=\"justify\">De fortes pluies localement orageuses (40-70 mm) sont attendues du jeudi \u00e0 10h \u00e0 vendredi \u00e0 8h00 dans les provinces de M\u2019diq-Fnideq, Fahs-Anjra, Tanger-Assilah, T\u00e9touan et Chefchaouen, a pr\u00e9cis\u00e9 la DGM dans un bulletin d\u2019alerte m\u00e9t\u00e9orologique de niveau orange.<\/p>\n<p style=\"text-align: justify;\" align=\"justify\">Le m\u00eame ph\u00e9nom\u00e8ne (20-35 mm) concernera, jeudi de 17h \u00e0 23h, les provinces de Taourirt, Guercif, Jerada, Taza, Sefrou Nador, Al Hoceima, Driouch, Figuig, Agadir-Ida-Ou-Tanane, Inezgane-A\u00eft Melloul, Chtouka-A\u00eft Baha et Taroudant, poursuit le bulletin.<\/p>\n<p style=\"text-align: justify;\" align=\"justify\">Des chutes de neige (10-20 cm) int\u00e9resseront jeudi, les provinces de Taza, Ifrane, Boulemane, B\u00e9ni Mellal, Azilal, Al Haouz, Chichaoua, Midelt et Guercif.<\/p>\n<p style=\"text-align: justify;\">Par ailleurs, de fortes rafales de vent (70-90 Km\/h) sont pr\u00e9vues jeudi dans les provinces de Figuig, Jerada, Taourirt, Oujda-Angad, Errachidia, Boulemane et Midelt, selon la m\u00eame source.<\/p>\n<\/div>\n<p>L\u2019article <a rel=\"nofollow\" href=\"https:\/\/www.mapoujda.ma\/fr\/de-fortes-pluies-des-chutes-de-neige-et-de-fortes-rafales-de-vent\/\">De fortes pluies, des chutes de neige et de fortes rafales de vent<\/a> est apparu en premier sur <a rel=\"nofollow\" href=\"https:\/\/www.mapoujda.ma\/fr\">MapOujda<\/a>.<\/p>\n<\/div>\n<p>Auteur: Soufiane ELAHMAR<br \/>\n<a href=\"https:\/\/www.mapoujda.ma\/fr\/de-fortes-pluies-des-chutes-de-neige-et-de-fortes-rafales-de-vent\/\">Cliquez ici pour lire l&rsquo;article depuis sa source.<\/a><\/p>\n","protected":false},"excerpt":{"rendered":"<p>De fortes pluies localement orageuses, des chutes de neige et de fortes rafales de vent sont pr\u00e9vues les jeudi et vendredi dans plusieurs provinces du Royaume, a annonc\u00e9 jeudi la Direction g\u00e9n\u00e9rale de la m\u00e9t\u00e9orologie (DGM). De fortes pluies localement orageuses (40-70 mm) sont attendues du jeudi \u00e0 10h \u00e0 vendredi \u00e0 8h00 dans les [&hellip;]<\/p>\n","protected":false},"author":1788,"featured_media":0,"comment_status":"closed","ping_status":"closed","sticky":false,"template":"","format":"standard","meta":{"fifu_image_url":"https:\/\/www.mapoujda.ma\/map\/uploads\/2021\/03\/Rafales-de-vent-localement-fortes-750\u00d7430-EPA.jpg","fifu_image_alt":"De fortes pluies, des chutes de neige et de fortes rafales de vent","footnotes":""},"categories":[54,76],"tags":[],"class_list":["post-143854","post","type-post","status-publish","format-standard","hentry","category-maroc","category-regions"],"_links":{"self":[{"href":"https:\/\/linitiative.ca\/International\/wp-json\/wp\/v2\/posts\/143854","targetHints":{"allow":["GET"]}}],"collection":[{"href":"https:\/\/linitiative.ca\/International\/wp-json\/wp\/v2\/posts"}],"about":[{"href":"https:\/\/linitiative.ca\/International\/wp-json\/wp\/v2\/types\/post"}],"author":[{"embeddable":true,"href":"https:\/\/linitiative.ca\/International\/wp-json\/wp\/v2\/users\/1788"}],"replies":[{"embeddable":true,"href":"https:\/\/linitiative.ca\/International\/wp-json\/wp\/v2\/comments?post=143854"}],"version-history":[{"count":0,"href":"https:\/\/linitiative.ca\/International\/wp-json\/wp\/v2\/posts\/143854\/revisions"}],"wp:attachment":[{"href":"https:\/\/linitiative.ca\/International\/wp-json\/wp\/v2\/media?parent=143854"}],"wp:term":[{"taxonomy":"category","embeddable":true,"href":"https:\/\/linitiative.ca\/International\/wp-json\/wp\/v2\/categories?post=143854"},{"taxonomy":"post_tag","embeddable":true,"href":"https:\/\/linitiative.ca\/International\/wp-json\/wp\/v2\/tags?post=143854"}],"curies":[{"name":"wp","href":"https:\/\/api.w.org\/{rel}","templated":true}]}}