{"id":143856,"date":"2022-03-24T10:18:43","date_gmt":"2022-03-24T14:18:43","guid":{"rendered":"https:\/\/linitiative.ca\/International\/midelt-errich-suspension-temporaire-de-la-circulation-samedi\/"},"modified":"2022-03-24T10:18:43","modified_gmt":"2022-03-24T14:18:43","slug":"midelt-errich-suspension-temporaire-de-la-circulation-samedi","status":"publish","type":"post","link":"https:\/\/linitiative.ca\/International\/midelt-errich-suspension-temporaire-de-la-circulation-samedi\/","title":{"rendered":"Midelt-Errich: Suspension temporaire de la circulation samedi"},"content":{"rendered":"<div>\n<div class=\"field field-name-body field-type-text-with-summary field-label-hidden\">\n<div class=\"field-items\">\n<div class=\"field-item even\" property=\"content:encoded\">\n<p><em>photo d&rsquo;illustration<\/em><\/p>\n<p>Pour la r\u00e9alisation des travaux de terrassement dans le cadre de l\u2019\u00e9largissement et du renforcement de la route reliant Midelt \u00e0 Errich (RN13), au niveau du col Tizi N&rsquo;talghomt (commune Amersid, province de Midelt), la circulation sera coup\u00e9e, samedi entre 09H00 \u00e0 12H00, indique le minist\u00e8re de l\u2019\u00c9quipement et de l\u2019Eau.\u00a0<\/p>\n<p>Le minist\u00e8re invite les usagers de la route \u00e0 \u00ab\u00a0\u00eatre prudents et respecter les panneaux de signalisation pour plus de s\u00e9curit\u00e9\u00a0\u00bb, assurant que le trafic normal reprendra d\u00e8s l\u2019ach\u00e8vement de l&rsquo;ouvrage.<\/p>\n<\/div>\n<\/div>\n<\/div>\n<\/div>\n<p>Auteur: mbasraoui<br \/>\n<a href=\"https:\/\/www.leconomiste.com\/flash-infos\/midelt-errich-suspension-temporaire-de-la-circulation-samedi\">Cliquez ici pour lire l&rsquo;article depuis sa source.<\/a><\/p>\n","protected":false},"excerpt":{"rendered":"<p>photo d&rsquo;illustration Pour la r\u00e9alisation des travaux de terrassement dans le cadre de l\u2019\u00e9largissement et du renforcement de la route reliant Midelt \u00e0 Errich (RN13), au niveau du col Tizi N&rsquo;talghomt (commune Amersid, province de Midelt), la circulation sera coup\u00e9e, samedi entre 09H00 \u00e0 12H00, indique le minist\u00e8re de l\u2019\u00c9quipement et de l\u2019Eau.\u00a0 Le minist\u00e8re [&hellip;]<\/p>\n","protected":false},"author":1763,"featured_media":0,"comment_status":"closed","ping_status":"closed","sticky":false,"template":"","format":"standard","meta":{"fifu_image_url":"","fifu_image_alt":"","footnotes":""},"categories":[78,54],"tags":[],"class_list":["post-143856","post","type-post","status-publish","format-standard","hentry","category-economie","category-maroc"],"_links":{"self":[{"href":"https:\/\/linitiative.ca\/International\/wp-json\/wp\/v2\/posts\/143856","targetHints":{"allow":["GET"]}}],"collection":[{"href":"https:\/\/linitiative.ca\/International\/wp-json\/wp\/v2\/posts"}],"about":[{"href":"https:\/\/linitiative.ca\/International\/wp-json\/wp\/v2\/types\/post"}],"author":[{"embeddable":true,"href":"https:\/\/linitiative.ca\/International\/wp-json\/wp\/v2\/users\/1763"}],"replies":[{"embeddable":true,"href":"https:\/\/linitiative.ca\/International\/wp-json\/wp\/v2\/comments?post=143856"}],"version-history":[{"count":0,"href":"https:\/\/linitiative.ca\/International\/wp-json\/wp\/v2\/posts\/143856\/revisions"}],"wp:attachment":[{"href":"https:\/\/linitiative.ca\/International\/wp-json\/wp\/v2\/media?parent=143856"}],"wp:term":[{"taxonomy":"category","embeddable":true,"href":"https:\/\/linitiative.ca\/International\/wp-json\/wp\/v2\/categories?post=143856"},{"taxonomy":"post_tag","embeddable":true,"href":"https:\/\/linitiative.ca\/International\/wp-json\/wp\/v2\/tags?post=143856"}],"curies":[{"name":"wp","href":"https:\/\/api.w.org\/{rel}","templated":true}]}}