{"id":143862,"date":"2022-03-24T00:20:00","date_gmt":"2022-03-24T04:20:00","guid":{"rendered":"https:\/\/linitiative.ca\/International\/hector-bellerin-evoque-le-conflit-en-ukraine-ce-qui-sest-passe-en-palestine-yemen-et-irak-personne-nen-parle\/"},"modified":"2022-03-24T00:20:00","modified_gmt":"2022-03-24T04:20:00","slug":"hector-bellerin-evoque-le-conflit-en-ukraine-ce-qui-sest-passe-en-palestine-yemen-et-irak-personne-nen-parle","status":"publish","type":"post","link":"https:\/\/linitiative.ca\/International\/hector-bellerin-evoque-le-conflit-en-ukraine-ce-qui-sest-passe-en-palestine-yemen-et-irak-personne-nen-parle\/","title":{"rendered":"Hector Bellerin \u00e9voque le conflit en Ukraine : \u00ab\u00a0Ce qui s&rsquo;est pass\u00e9 en Palestine, Y\u00e9men et Irak, personne n&rsquo;en parle\u00a0\u00bb"},"content":{"rendered":"<div>Interrog\u00e9 sur le conflit en Ukraine, Hector Bellerin a point\u00e9 du doigt ce qu&rsquo;il estime \u00eatre un deux poids deux mesures&#8230;<\/div>\n<p>Auteur:<br \/>\n<a href=\"https:\/\/www.lebuteur.com\/article\/detail?titre=hector-bellerin-evoque-le-conflit-en-ukraine-ce-qui-sest-passe-en-palestine-yemen-et-irak-personne-nen-parle&#038;id=102557\">Cliquez ici pour lire l&rsquo;article depuis sa source.<\/a><\/p>\n","protected":false},"excerpt":{"rendered":"<p>Interrog\u00e9 sur le conflit en Ukraine, Hector Bellerin a point\u00e9 du doigt ce qu&rsquo;il estime \u00eatre un deux poids deux mesures&#8230; Auteur: Cliquez ici pour lire l&rsquo;article depuis sa source.<\/p>\n","protected":false},"author":1738,"featured_media":0,"comment_status":"closed","ping_status":"closed","sticky":false,"template":"","format":"standard","meta":{"fifu_image_url":"","fifu_image_alt":"","footnotes":""},"categories":[53,75],"tags":[],"class_list":["post-143862","post","type-post","status-publish","format-standard","hentry","category-algerie","category-sport"],"_links":{"self":[{"href":"https:\/\/linitiative.ca\/International\/wp-json\/wp\/v2\/posts\/143862","targetHints":{"allow":["GET"]}}],"collection":[{"href":"https:\/\/linitiative.ca\/International\/wp-json\/wp\/v2\/posts"}],"about":[{"href":"https:\/\/linitiative.ca\/International\/wp-json\/wp\/v2\/types\/post"}],"author":[{"embeddable":true,"href":"https:\/\/linitiative.ca\/International\/wp-json\/wp\/v2\/users\/1738"}],"replies":[{"embeddable":true,"href":"https:\/\/linitiative.ca\/International\/wp-json\/wp\/v2\/comments?post=143862"}],"version-history":[{"count":0,"href":"https:\/\/linitiative.ca\/International\/wp-json\/wp\/v2\/posts\/143862\/revisions"}],"wp:attachment":[{"href":"https:\/\/linitiative.ca\/International\/wp-json\/wp\/v2\/media?parent=143862"}],"wp:term":[{"taxonomy":"category","embeddable":true,"href":"https:\/\/linitiative.ca\/International\/wp-json\/wp\/v2\/categories?post=143862"},{"taxonomy":"post_tag","embeddable":true,"href":"https:\/\/linitiative.ca\/International\/wp-json\/wp\/v2\/tags?post=143862"}],"curies":[{"name":"wp","href":"https:\/\/api.w.org\/{rel}","templated":true}]}}