{"id":143864,"date":"2022-03-24T05:49:00","date_gmt":"2022-03-24T09:49:00","guid":{"rendered":"https:\/\/linitiative.ca\/International\/lambassadeur-dukraine-a-tunis-nous-avons-hautement-apprecie-le-vote-de-la-tunisie-a-lonu\/"},"modified":"2022-03-24T05:49:00","modified_gmt":"2022-03-24T09:49:00","slug":"lambassadeur-dukraine-a-tunis-nous-avons-hautement-apprecie-le-vote-de-la-tunisie-a-lonu","status":"publish","type":"post","link":"https:\/\/linitiative.ca\/International\/lambassadeur-dukraine-a-tunis-nous-avons-hautement-apprecie-le-vote-de-la-tunisie-a-lonu\/","title":{"rendered":"L\u2019ambassadeur d\u2019Ukraine \u00e0 Tunis : Nous avons hautement appr\u00e9ci\u00e9 le vote de la Tunisie \u00e0 l\u2019ONU"},"content":{"rendered":"<div><img decoding=\"async\" src=\"https:\/\/linitiative.ca\/International\/wp-content\/uploads\/sites\/23\/2022\/03\/1648112408_article.jpg\" alt=\"L\u2019ambassadeur d\u2019Ukraine \u00e0 Tunis : Nous avons hautement appr\u00e9ci\u00e9 le vote de la Tunisie \u00e0 l\u2019ONU\" align=\"left\">\u00ab Nous avons tous hautement appr\u00e9ci\u00e9 le vote par la Tunisie, parmi 141 pays, de la r\u00e9solution de l\u2019Assembl\u00e9e g\u00e9n\u00e9rale des Nations unies en faveur de l\u2019Ukraine \u00bb, a d\u00e9clar\u00e9 \u00e0 Leaders l\u2019ambassadeur d\u2019Ukraine, Volodymyr Khomanets.\u00a0 \u00ab La Tunisie, a-t-il ajout\u00e9 dans une interview qui sera publi\u00e9e dans la prochaine livraison de Leaders Magazine d\u2019Avril 2022, figure depuis des ann\u00e9es parmi nos cinq premiers partenaires commerciaux \u00e0 l\u2019export dans la r\u00e9gion Afrique du Nord-Moyen-Orient. En 2020, elle s\u2019est hiss\u00e9e au troisi\u00e8me rang, apr\u00e8s l\u2019Egypte et le Maroc, avec un montant plus de 400 millions de dollars, en croissance annuelle de plus de 10%. Il s\u2019agit &#8230;<\/p>\n<\/div>\n<p>Auteur:<br \/>\n<a href=\"https:\/\/www.leaders.com.tn\/article\/33127-l-ambassadeur-d-ukraine-a-tunis-nous-avons-hautement-apprecie-le-vote-de-la-tunisie-a-l-onu\">Cliquez ici pour lire l&rsquo;article depuis sa source.<\/a><\/p>\n","protected":false},"excerpt":{"rendered":"<p>\u00ab Nous avons tous hautement appr\u00e9ci\u00e9 le vote par la Tunisie, parmi 141 pays, de la r\u00e9solution de l\u2019Assembl\u00e9e g\u00e9n\u00e9rale des Nations unies en faveur de l\u2019Ukraine \u00bb, a d\u00e9clar\u00e9 \u00e0 Leaders l\u2019ambassadeur d\u2019Ukraine, Volodymyr Khomanets.\u00a0 \u00ab La Tunisie, a-t-il ajout\u00e9 dans une interview qui sera publi\u00e9e dans la prochaine livraison de Leaders Magazine d\u2019Avril [&hellip;]<\/p>\n","protected":false},"author":1772,"featured_media":0,"comment_status":"closed","ping_status":"closed","sticky":false,"template":"","format":"standard","meta":{"fifu_image_url":"http:\/\/www.leaders.com.tn\/uploads\/content\/thumbnails_small\/1648112408_article.jpg","fifu_image_alt":"L\u2019ambassadeur d\u2019Ukraine \u00e0 Tunis : Nous avons hautement appr\u00e9ci\u00e9 le vote de la Tunisie \u00e0 l\u2019ONU","footnotes":""},"categories":[73,55],"tags":[],"class_list":["post-143864","post","type-post","status-publish","format-standard","hentry","category-actualite","category-tunisie"],"_links":{"self":[{"href":"https:\/\/linitiative.ca\/International\/wp-json\/wp\/v2\/posts\/143864","targetHints":{"allow":["GET"]}}],"collection":[{"href":"https:\/\/linitiative.ca\/International\/wp-json\/wp\/v2\/posts"}],"about":[{"href":"https:\/\/linitiative.ca\/International\/wp-json\/wp\/v2\/types\/post"}],"author":[{"embeddable":true,"href":"https:\/\/linitiative.ca\/International\/wp-json\/wp\/v2\/users\/1772"}],"replies":[{"embeddable":true,"href":"https:\/\/linitiative.ca\/International\/wp-json\/wp\/v2\/comments?post=143864"}],"version-history":[{"count":0,"href":"https:\/\/linitiative.ca\/International\/wp-json\/wp\/v2\/posts\/143864\/revisions"}],"wp:attachment":[{"href":"https:\/\/linitiative.ca\/International\/wp-json\/wp\/v2\/media?parent=143864"}],"wp:term":[{"taxonomy":"category","embeddable":true,"href":"https:\/\/linitiative.ca\/International\/wp-json\/wp\/v2\/categories?post=143864"},{"taxonomy":"post_tag","embeddable":true,"href":"https:\/\/linitiative.ca\/International\/wp-json\/wp\/v2\/tags?post=143864"}],"curies":[{"name":"wp","href":"https:\/\/api.w.org\/{rel}","templated":true}]}}