{"id":143866,"date":"2022-03-24T08:30:00","date_gmt":"2022-03-24T12:30:00","guid":{"rendered":"https:\/\/linitiative.ca\/International\/samir-allal-arreter-la-croissance-pour-sauver-la-planete-et-soutenir-la-croissance-pour-sauver-la-regulation\/"},"modified":"2022-03-24T08:30:00","modified_gmt":"2022-03-24T12:30:00","slug":"samir-allal-arreter-la-croissance-pour-sauver-la-planete-et-soutenir-la-croissance-pour-sauver-la-regulation","status":"publish","type":"post","link":"https:\/\/linitiative.ca\/International\/samir-allal-arreter-la-croissance-pour-sauver-la-planete-et-soutenir-la-croissance-pour-sauver-la-regulation\/","title":{"rendered":"Samir Allal: Arr\u00eater la croissance pour sauver la plan\u00e8te (Et) soutenir la croissance pour sauver la r\u00e9gulation"},"content":{"rendered":"<div><img decoding=\"async\" src=\"https:\/\/linitiative.ca\/International\/wp-content\/uploads\/sites\/23\/2022\/03\/1648141656_article.jpg\" alt=\"Samir Allal: Arr\u00eater la croissance pour sauver la plan\u00e8te (Et) soutenir la croissance pour sauver la r\u00e9gulation \" align=\"left\">Nous sommes contraints \u00e0 une navigation dans l\u2019incertain: ce qui signifie le renoncement \u00e0 toute conception lin\u00e9aire de l\u2019histoire<br \/>\nLa trag\u00e9die climatique, celle rapport\u00e9e par le dernier rapport du GIEC, encercle toutes les crises que l\u2019humanit\u00e9 est en train de subir. Nous sommes dans l\u2019\u00e8re plan\u00e9taire. (Bruno Latour, F\u00e9vrier 2022). Notre responsabilit\u00e9 est double. Elle concerne \u00e0 la fois d\u2019arr\u00eater la guerre (Et) lutter contre le changement climatique.<br \/>\nQui est responsable de cette situation ? Est-ce l\u2019humanit\u00e9 tout enti\u00e8re \u2013 mue par une cupidit\u00e9 et une soif de toujours plus de puissance \u2013 qui comme l\u2019affirme ceux qui qualifient la p\u00e9riode dans laquelle nous &#8230;<\/p>\n<\/div>\n<p>Auteur:<br \/>\n<a href=\"https:\/\/www.leaders.com.tn\/article\/33128-samir-allal-arreter-la-croissance-pour-sauver-la-planete-et-soutenir-la-croissance-pour-sauver-la-regulation\">Cliquez ici pour lire l&rsquo;article depuis sa source.<\/a><\/p>\n","protected":false},"excerpt":{"rendered":"<p>Nous sommes contraints \u00e0 une navigation dans l\u2019incertain: ce qui signifie le renoncement \u00e0 toute conception lin\u00e9aire de l\u2019histoire La trag\u00e9die climatique, celle rapport\u00e9e par le dernier rapport du GIEC, encercle toutes les crises que l\u2019humanit\u00e9 est en train de subir. Nous sommes dans l\u2019\u00e8re plan\u00e9taire. (Bruno Latour, F\u00e9vrier 2022). Notre responsabilit\u00e9 est double. Elle [&hellip;]<\/p>\n","protected":false},"author":1772,"featured_media":0,"comment_status":"closed","ping_status":"closed","sticky":false,"template":"","format":"standard","meta":{"fifu_image_url":"http:\/\/www.leaders.com.tn\/uploads\/content\/thumbnails_small\/1648141656_article.jpg","fifu_image_alt":"Samir Allal: Arr\u00eater la croissance pour sauver la plan\u00e8te (Et) soutenir la croissance pour sauver la r\u00e9gulation","footnotes":""},"categories":[73,55],"tags":[],"class_list":["post-143866","post","type-post","status-publish","format-standard","hentry","category-actualite","category-tunisie"],"_links":{"self":[{"href":"https:\/\/linitiative.ca\/International\/wp-json\/wp\/v2\/posts\/143866","targetHints":{"allow":["GET"]}}],"collection":[{"href":"https:\/\/linitiative.ca\/International\/wp-json\/wp\/v2\/posts"}],"about":[{"href":"https:\/\/linitiative.ca\/International\/wp-json\/wp\/v2\/types\/post"}],"author":[{"embeddable":true,"href":"https:\/\/linitiative.ca\/International\/wp-json\/wp\/v2\/users\/1772"}],"replies":[{"embeddable":true,"href":"https:\/\/linitiative.ca\/International\/wp-json\/wp\/v2\/comments?post=143866"}],"version-history":[{"count":0,"href":"https:\/\/linitiative.ca\/International\/wp-json\/wp\/v2\/posts\/143866\/revisions"}],"wp:attachment":[{"href":"https:\/\/linitiative.ca\/International\/wp-json\/wp\/v2\/media?parent=143866"}],"wp:term":[{"taxonomy":"category","embeddable":true,"href":"https:\/\/linitiative.ca\/International\/wp-json\/wp\/v2\/categories?post=143866"},{"taxonomy":"post_tag","embeddable":true,"href":"https:\/\/linitiative.ca\/International\/wp-json\/wp\/v2\/tags?post=143866"}],"curies":[{"name":"wp","href":"https:\/\/api.w.org\/{rel}","templated":true}]}}