{"id":143870,"date":"2022-03-24T12:38:00","date_gmt":"2022-03-24T16:38:00","guid":{"rendered":"https:\/\/linitiative.ca\/International\/les-services-de-la-bct-maitrisent-une-cyberattaque\/"},"modified":"2022-03-24T12:38:00","modified_gmt":"2022-03-24T16:38:00","slug":"les-services-de-la-bct-maitrisent-une-cyberattaque","status":"publish","type":"post","link":"https:\/\/linitiative.ca\/International\/les-services-de-la-bct-maitrisent-une-cyberattaque\/","title":{"rendered":"Les services de la BCT ma\u00eetrisent une cyberattaque"},"content":{"rendered":"<div><img decoding=\"async\" src=\"https:\/\/linitiative.ca\/International\/wp-content\/uploads\/sites\/23\/2022\/03\/1648138129_article.jpg\" alt=\"Les services de la BCT ma\u00eetrisent une cyberattaque\" align=\"left\">Le dispositif de s\u00e9curit\u00e9 informatique de la Banque Centrale de Tunisie (BCT) a d\u00e9tect\u00e9, dans la matin\u00e9e du mercredi 23 mars 2022, une attaque cybern\u00e9tique.<br \/>\nCette attaque a \u00e9t\u00e9 ma\u00eetris\u00e9e gr\u00e2ce aux efforts coordonn\u00e9s entre les services de la BCT et ceux de l\u2019Agence Nationale de la S\u00e9curit\u00e9 Informatique (ANSI).<br \/>\nToutes les donn\u00e9es du syst\u00e8me d\u2019information de la BCT sont int\u00e8gres et intactes.<br \/>\nToutefois, La BCT a enregistr\u00e9 quelques perturbations sur certaines de ses activit\u00e9s, dont le site Internet.<br \/>\nLa BCT rassure le public sur la continuit\u00e9 des services en relation avec le syst\u00e8me bancaire national et international.<br \/>\n\u00a0<\/p>\n<\/div>\n<p>Auteur:<br \/>\n<a href=\"https:\/\/www.leaders.com.tn\/article\/33130-les-services-de-la-bct-maitrisent-une-cyberattaque\">Cliquez ici pour lire l&rsquo;article depuis sa source.<\/a><\/p>\n","protected":false},"excerpt":{"rendered":"<p>Le dispositif de s\u00e9curit\u00e9 informatique de la Banque Centrale de Tunisie (BCT) a d\u00e9tect\u00e9, dans la matin\u00e9e du mercredi 23 mars 2022, une attaque cybern\u00e9tique. Cette attaque a \u00e9t\u00e9 ma\u00eetris\u00e9e gr\u00e2ce aux efforts coordonn\u00e9s entre les services de la BCT et ceux de l\u2019Agence Nationale de la S\u00e9curit\u00e9 Informatique (ANSI). Toutes les donn\u00e9es du syst\u00e8me [&hellip;]<\/p>\n","protected":false},"author":1772,"featured_media":0,"comment_status":"closed","ping_status":"closed","sticky":false,"template":"","format":"standard","meta":{"fifu_image_url":"http:\/\/www.leaders.com.tn\/uploads\/content\/thumbnails_small\/1648138129_article.jpg","fifu_image_alt":"Les services de la BCT ma\u00eetrisent une cyberattaque","footnotes":""},"categories":[73,55],"tags":[],"class_list":["post-143870","post","type-post","status-publish","format-standard","hentry","category-actualite","category-tunisie"],"_links":{"self":[{"href":"https:\/\/linitiative.ca\/International\/wp-json\/wp\/v2\/posts\/143870","targetHints":{"allow":["GET"]}}],"collection":[{"href":"https:\/\/linitiative.ca\/International\/wp-json\/wp\/v2\/posts"}],"about":[{"href":"https:\/\/linitiative.ca\/International\/wp-json\/wp\/v2\/types\/post"}],"author":[{"embeddable":true,"href":"https:\/\/linitiative.ca\/International\/wp-json\/wp\/v2\/users\/1772"}],"replies":[{"embeddable":true,"href":"https:\/\/linitiative.ca\/International\/wp-json\/wp\/v2\/comments?post=143870"}],"version-history":[{"count":0,"href":"https:\/\/linitiative.ca\/International\/wp-json\/wp\/v2\/posts\/143870\/revisions"}],"wp:attachment":[{"href":"https:\/\/linitiative.ca\/International\/wp-json\/wp\/v2\/media?parent=143870"}],"wp:term":[{"taxonomy":"category","embeddable":true,"href":"https:\/\/linitiative.ca\/International\/wp-json\/wp\/v2\/categories?post=143870"},{"taxonomy":"post_tag","embeddable":true,"href":"https:\/\/linitiative.ca\/International\/wp-json\/wp\/v2\/tags?post=143870"}],"curies":[{"name":"wp","href":"https:\/\/api.w.org\/{rel}","templated":true}]}}