{"id":143874,"date":"2022-03-24T13:28:56","date_gmt":"2022-03-24T17:28:56","guid":{"rendered":"https:\/\/linitiative.ca\/International\/alain-malette-le-maroc-occupe-une-place-importante-dans-notre-strategie-de-developpement-en-afrique\/"},"modified":"2022-03-24T13:28:56","modified_gmt":"2022-03-24T17:28:56","slug":"alain-malette-le-maroc-occupe-une-place-importante-dans-notre-strategie-de-developpement-en-afrique","status":"publish","type":"post","link":"https:\/\/linitiative.ca\/International\/alain-malette-le-maroc-occupe-une-place-importante-dans-notre-strategie-de-developpement-en-afrique\/","title":{"rendered":"Alain\u00a0Malette\u00a0: \u00ab\u00a0Le Maroc occupe une place importante dans notre strat\u00e9gie de d\u00e9veloppement en Afrique\u00a0\u00bb"},"content":{"rendered":"<div><img decoding=\"async\" width=\"1092\" height=\"724\" src=\"https:\/\/linitiative.ca\/International\/wp-content\/uploads\/sites\/23\/2022\/03\/PHOTO-2022-03-24-01-21-30-5-1.jpg\" class=\"attachment-post-thumbnail size-post-thumbnail wp-post-image\" alt=\"\" loading=\"lazy\" srcset=\"https:\/\/linitiative.ca\/International\/wp-content\/uploads\/sites\/23\/2022\/03\/PHOTO-2022-03-24-01-21-30-5-1.jpg 1092w, https:\/\/www.challenge.ma\/wp-content\/uploads\/2022\/03\/PHOTO-2022-03-24-01-21-30-5-1-300x199.jpg 300w, https:\/\/www.challenge.ma\/wp-content\/uploads\/2022\/03\/PHOTO-2022-03-24-01-21-30-5-1-1024x679.jpg 1024w, https:\/\/www.challenge.ma\/wp-content\/uploads\/2022\/03\/PHOTO-2022-03-24-01-21-30-5-1-768x509.jpg 768w, https:\/\/www.challenge.ma\/wp-content\/uploads\/2022\/03\/PHOTO-2022-03-24-01-21-30-5-1-360x239.jpg 360w, https:\/\/www.challenge.ma\/wp-content\/uploads\/2022\/03\/PHOTO-2022-03-24-01-21-30-5-1-750x497.jpg 750w\" sizes=\"auto, (max-width: 1092px) 100vw, 1092px\" itemprop=\"image\">L\u2019Universit\u00e9 d\u2019Ottawa au Canada veut renforcer son r\u00e9seau de partenaires au Maroc. Pour ce faire Alain Malette, Vice-recteur associ\u00e9 par int\u00e9rim, International et Francophonie de l\u2019Universit\u00e9 d\u2019Ottawa, a r\u00e9cemment effectu\u00e9 une visite dans le Royaume. Il nous d\u00e9taille les ambitions de son institution au Maroc.\u00a0 Challenge\u00a0: Quels sont les objectifs<\/div>\n<p>Auteur: challenge<br \/>\n<a href=\"https:\/\/www.challenge.ma\/alain-malette-le-maroc-occupe-une-place-importante-dans-notre-strategie-de-developpement-en-afrique-235294\/\">Cliquez ici pour lire l&rsquo;article depuis sa source.<\/a><\/p>\n","protected":false},"excerpt":{"rendered":"<p>L\u2019Universit\u00e9 d\u2019Ottawa au Canada veut renforcer son r\u00e9seau de partenaires au Maroc. Pour ce faire Alain Malette, Vice-recteur associ\u00e9 par int\u00e9rim, International et Francophonie de l\u2019Universit\u00e9 d\u2019Ottawa, a r\u00e9cemment effectu\u00e9 une visite dans le Royaume. Il nous d\u00e9taille les ambitions de son institution au Maroc.\u00a0 Challenge\u00a0: Quels sont les objectifs Auteur: challenge Cliquez ici pour [&hellip;]<\/p>\n","protected":false},"author":1787,"featured_media":0,"comment_status":"closed","ping_status":"closed","sticky":false,"template":"","format":"standard","meta":{"fifu_image_url":"https:\/\/www.challenge.ma\/wp-content\/uploads\/2022\/03\/PHOTO-2022-03-24-01-21-30-5-1.jpg","fifu_image_alt":"Alain\u00a0Malette\u00a0: \u00ab\u00a0Le Maroc occupe une place importante dans notre strat\u00e9gie de d\u00e9veloppement en Afrique\u00a0\u00bb","footnotes":""},"categories":[78,54],"tags":[],"class_list":["post-143874","post","type-post","status-publish","format-standard","hentry","category-economie","category-maroc"],"_links":{"self":[{"href":"https:\/\/linitiative.ca\/International\/wp-json\/wp\/v2\/posts\/143874","targetHints":{"allow":["GET"]}}],"collection":[{"href":"https:\/\/linitiative.ca\/International\/wp-json\/wp\/v2\/posts"}],"about":[{"href":"https:\/\/linitiative.ca\/International\/wp-json\/wp\/v2\/types\/post"}],"author":[{"embeddable":true,"href":"https:\/\/linitiative.ca\/International\/wp-json\/wp\/v2\/users\/1787"}],"replies":[{"embeddable":true,"href":"https:\/\/linitiative.ca\/International\/wp-json\/wp\/v2\/comments?post=143874"}],"version-history":[{"count":0,"href":"https:\/\/linitiative.ca\/International\/wp-json\/wp\/v2\/posts\/143874\/revisions"}],"wp:attachment":[{"href":"https:\/\/linitiative.ca\/International\/wp-json\/wp\/v2\/media?parent=143874"}],"wp:term":[{"taxonomy":"category","embeddable":true,"href":"https:\/\/linitiative.ca\/International\/wp-json\/wp\/v2\/categories?post=143874"},{"taxonomy":"post_tag","embeddable":true,"href":"https:\/\/linitiative.ca\/International\/wp-json\/wp\/v2\/tags?post=143874"}],"curies":[{"name":"wp","href":"https:\/\/api.w.org\/{rel}","templated":true}]}}