{"id":143876,"date":"2022-03-24T14:07:19","date_gmt":"2022-03-24T18:07:19","guid":{"rendered":"https:\/\/linitiative.ca\/International\/aziz-akhannouch-recoit-audrey-azoulay-dg-de-lunesco\/"},"modified":"2022-03-24T14:07:19","modified_gmt":"2022-03-24T18:07:19","slug":"aziz-akhannouch-recoit-audrey-azoulay-dg-de-lunesco","status":"publish","type":"post","link":"https:\/\/linitiative.ca\/International\/aziz-akhannouch-recoit-audrey-azoulay-dg-de-lunesco\/","title":{"rendered":"Aziz Akhannouch re\u00e7oit Audrey Azoulay, DG de l\u2019UNESCO"},"content":{"rendered":"<div><img decoding=\"async\" width=\"1600\" height=\"1066\" src=\"https:\/\/linitiative.ca\/International\/wp-content\/uploads\/sites\/23\/2022\/03\/Azoulay.jpg\" class=\"attachment-post-thumbnail size-post-thumbnail wp-post-image\" alt=\"\" loading=\"lazy\" srcset=\"https:\/\/linitiative.ca\/International\/wp-content\/uploads\/sites\/23\/2022\/03\/Azoulay.jpg 1600w, https:\/\/www.challenge.ma\/wp-content\/uploads\/2022\/03\/Azoulay-300x200.jpg 300w, https:\/\/www.challenge.ma\/wp-content\/uploads\/2022\/03\/Azoulay-1024x682.jpg 1024w, https:\/\/www.challenge.ma\/wp-content\/uploads\/2022\/03\/Azoulay-768x512.jpg 768w, https:\/\/www.challenge.ma\/wp-content\/uploads\/2022\/03\/Azoulay-1536x1023.jpg 1536w, https:\/\/www.challenge.ma\/wp-content\/uploads\/2022\/03\/Azoulay-360x240.jpg 360w, https:\/\/www.challenge.ma\/wp-content\/uploads\/2022\/03\/Azoulay-750x500.jpg 750w\" sizes=\"auto, (max-width: 1600px) 100vw, 1600px\" itemprop=\"image\">Le Chef du gouvernement, Aziz Akhannouch a re\u00e7u, ce jeudi 25 mars \u00e0 Rabat, la Directrice g\u00e9n\u00e9rale de l\u2019Organisation des Nations unies pour l\u2019\u00e9ducation, la science et la culture (UNESCO), Audrey Azoulay, actuellement en visite de travail au Maroc \u00e0 l\u2019occasion de la comm\u00e9moration du 10\u00e8me anniversaire de l\u2019inscription de<\/div>\n<p>Auteur: Mehdi Ouazzani<br \/>\n<a href=\"https:\/\/www.challenge.ma\/aziz-akhannouch-recoit-audrey-azoulay-dg-de-lunesco-235305\/\">Cliquez ici pour lire l&rsquo;article depuis sa source.<\/a><\/p>\n","protected":false},"excerpt":{"rendered":"<p>Le Chef du gouvernement, Aziz Akhannouch a re\u00e7u, ce jeudi 25 mars \u00e0 Rabat, la Directrice g\u00e9n\u00e9rale de l\u2019Organisation des Nations unies pour l\u2019\u00e9ducation, la science et la culture (UNESCO), Audrey Azoulay, actuellement en visite de travail au Maroc \u00e0 l\u2019occasion de la comm\u00e9moration du 10\u00e8me anniversaire de l\u2019inscription de Auteur: Mehdi Ouazzani Cliquez ici [&hellip;]<\/p>\n","protected":false},"author":1787,"featured_media":0,"comment_status":"closed","ping_status":"closed","sticky":false,"template":"","format":"standard","meta":{"fifu_image_url":"https:\/\/www.challenge.ma\/wp-content\/uploads\/2022\/03\/Azoulay.jpg","fifu_image_alt":"Aziz Akhannouch re\u00e7oit Audrey Azoulay, DG de l\u2019UNESCO","footnotes":""},"categories":[78,54],"tags":[],"class_list":["post-143876","post","type-post","status-publish","format-standard","hentry","category-economie","category-maroc"],"_links":{"self":[{"href":"https:\/\/linitiative.ca\/International\/wp-json\/wp\/v2\/posts\/143876","targetHints":{"allow":["GET"]}}],"collection":[{"href":"https:\/\/linitiative.ca\/International\/wp-json\/wp\/v2\/posts"}],"about":[{"href":"https:\/\/linitiative.ca\/International\/wp-json\/wp\/v2\/types\/post"}],"author":[{"embeddable":true,"href":"https:\/\/linitiative.ca\/International\/wp-json\/wp\/v2\/users\/1787"}],"replies":[{"embeddable":true,"href":"https:\/\/linitiative.ca\/International\/wp-json\/wp\/v2\/comments?post=143876"}],"version-history":[{"count":0,"href":"https:\/\/linitiative.ca\/International\/wp-json\/wp\/v2\/posts\/143876\/revisions"}],"wp:attachment":[{"href":"https:\/\/linitiative.ca\/International\/wp-json\/wp\/v2\/media?parent=143876"}],"wp:term":[{"taxonomy":"category","embeddable":true,"href":"https:\/\/linitiative.ca\/International\/wp-json\/wp\/v2\/categories?post=143876"},{"taxonomy":"post_tag","embeddable":true,"href":"https:\/\/linitiative.ca\/International\/wp-json\/wp\/v2\/tags?post=143876"}],"curies":[{"name":"wp","href":"https:\/\/api.w.org\/{rel}","templated":true}]}}