{"id":143878,"date":"2022-03-24T14:09:16","date_gmt":"2022-03-24T18:09:16","guid":{"rendered":"https:\/\/linitiative.ca\/International\/auto-hall-une-croissance-solide-et-des-parts-de-marche-renforcees\/"},"modified":"2022-03-24T14:09:16","modified_gmt":"2022-03-24T18:09:16","slug":"auto-hall-une-croissance-solide-et-des-parts-de-marche-renforcees","status":"publish","type":"post","link":"https:\/\/linitiative.ca\/International\/auto-hall-une-croissance-solide-et-des-parts-de-marche-renforcees\/","title":{"rendered":"Auto Hall : une croissance solide et des parts de march\u00e9 renforc\u00e9es"},"content":{"rendered":"<div><img decoding=\"async\" width=\"1345\" height=\"1281\" src=\"https:\/\/linitiative.ca\/International\/wp-content\/uploads\/sites\/23\/2022\/03\/7d7ee33c-b017-4867-81c0-7912c6b61d7e-1.jpg\" class=\"attachment-post-thumbnail size-post-thumbnail wp-post-image\" alt=\"\" loading=\"lazy\" srcset=\"https:\/\/linitiative.ca\/International\/wp-content\/uploads\/sites\/23\/2022\/03\/7d7ee33c-b017-4867-81c0-7912c6b61d7e-1.jpg 1345w, https:\/\/www.challenge.ma\/wp-content\/uploads\/2022\/03\/7d7ee33c-b017-4867-81c0-7912c6b61d7e-1-300x286.jpg 300w, https:\/\/www.challenge.ma\/wp-content\/uploads\/2022\/03\/7d7ee33c-b017-4867-81c0-7912c6b61d7e-1-1024x975.jpg 1024w, https:\/\/www.challenge.ma\/wp-content\/uploads\/2022\/03\/7d7ee33c-b017-4867-81c0-7912c6b61d7e-1-768x731.jpg 768w, https:\/\/www.challenge.ma\/wp-content\/uploads\/2022\/03\/7d7ee33c-b017-4867-81c0-7912c6b61d7e-1-360x343.jpg 360w, https:\/\/www.challenge.ma\/wp-content\/uploads\/2022\/03\/7d7ee33c-b017-4867-81c0-7912c6b61d7e-1-750x714.jpg 750w\" sizes=\"auto, (max-width: 1345px) 100vw, 1345px\" itemprop=\"image\">La reprise se confirme pour le groupe Auto Hall qui a termin\u00e9 l\u2019exercice 2021 sur un chiffre d\u2019affaires consolid\u00e9 de plus de 5 milliards de DH, soit une croissance de 15% par rapport \u00e0 2019 (ann\u00e9e de r\u00e9f\u00e9rence). Le groupe poursuit \u00e9galement le renforcement de ses relais de croissance, \u00e0<\/div>\n<p>Auteur: challenge<br \/>\n<a href=\"https:\/\/www.challenge.ma\/auto-hall-une-croissance-solide-et-des-parts-de-marche-renforcees-235307\/\">Cliquez ici pour lire l&rsquo;article depuis sa source.<\/a><\/p>\n","protected":false},"excerpt":{"rendered":"<p>La reprise se confirme pour le groupe Auto Hall qui a termin\u00e9 l\u2019exercice 2021 sur un chiffre d\u2019affaires consolid\u00e9 de plus de 5 milliards de DH, soit une croissance de 15% par rapport \u00e0 2019 (ann\u00e9e de r\u00e9f\u00e9rence). Le groupe poursuit \u00e9galement le renforcement de ses relais de croissance, \u00e0 Auteur: challenge Cliquez ici pour [&hellip;]<\/p>\n","protected":false},"author":1787,"featured_media":0,"comment_status":"closed","ping_status":"closed","sticky":false,"template":"","format":"standard","meta":{"fifu_image_url":"https:\/\/www.challenge.ma\/wp-content\/uploads\/2022\/03\/7d7ee33c-b017-4867-81c0-7912c6b61d7e-1.jpg","fifu_image_alt":"Auto Hall : une croissance solide et des parts de march\u00e9 renforc\u00e9es","footnotes":""},"categories":[78,54],"tags":[],"class_list":["post-143878","post","type-post","status-publish","format-standard","hentry","category-economie","category-maroc"],"_links":{"self":[{"href":"https:\/\/linitiative.ca\/International\/wp-json\/wp\/v2\/posts\/143878","targetHints":{"allow":["GET"]}}],"collection":[{"href":"https:\/\/linitiative.ca\/International\/wp-json\/wp\/v2\/posts"}],"about":[{"href":"https:\/\/linitiative.ca\/International\/wp-json\/wp\/v2\/types\/post"}],"author":[{"embeddable":true,"href":"https:\/\/linitiative.ca\/International\/wp-json\/wp\/v2\/users\/1787"}],"replies":[{"embeddable":true,"href":"https:\/\/linitiative.ca\/International\/wp-json\/wp\/v2\/comments?post=143878"}],"version-history":[{"count":0,"href":"https:\/\/linitiative.ca\/International\/wp-json\/wp\/v2\/posts\/143878\/revisions"}],"wp:attachment":[{"href":"https:\/\/linitiative.ca\/International\/wp-json\/wp\/v2\/media?parent=143878"}],"wp:term":[{"taxonomy":"category","embeddable":true,"href":"https:\/\/linitiative.ca\/International\/wp-json\/wp\/v2\/categories?post=143878"},{"taxonomy":"post_tag","embeddable":true,"href":"https:\/\/linitiative.ca\/International\/wp-json\/wp\/v2\/tags?post=143878"}],"curies":[{"name":"wp","href":"https:\/\/api.w.org\/{rel}","templated":true}]}}