{"id":143882,"date":"2022-03-24T16:45:10","date_gmt":"2022-03-24T20:45:10","guid":{"rendered":"https:\/\/linitiative.ca\/International\/djebel-jelloud-collision-entre-deux-trains-le-verdict-tombera-ce-31-mars\/"},"modified":"2022-03-24T16:45:10","modified_gmt":"2022-03-24T20:45:10","slug":"djebel-jelloud-collision-entre-deux-trains-le-verdict-tombera-ce-31-mars","status":"publish","type":"post","link":"https:\/\/linitiative.ca\/International\/djebel-jelloud-collision-entre-deux-trains-le-verdict-tombera-ce-31-mars\/","title":{"rendered":"Djebel Jelloud-Collision entre deux trains : Le verdict tombera ce 31 mars"},"content":{"rendered":"<div>\n<p>Le Premier substitut du Procureur de la R\u00e9publique pr\u00e8s le Tribunal de Premi\u00e8re Instance de Tunis 2 et son porte-parole, Sami Smedhi a confirm\u00e9, dans une d\u00e9claration \u00e0 une radio priv\u00e9e ce jeudi soir, que la Chambre criminelle pr\u00e8s le tribunal a d\u00e9cid\u00e9 de retenir l\u2019affaire relative \u00e0 la collision des deux trains \u00e0 Djebel [\u2026]<\/p>\n<p>L\u2019article <a href=\"https:\/\/www.tunisienumerique.com\/djebel-jelloud-collision-entre-deux-trains-le-verdict-tombera-ce-31-mars\/\">Djebel Jelloud-Collision entre deux trains : Le verdict tombera ce 31 mars<\/a> est apparu en premier sur <a href=\"http:\/\/www.tunisienumerique.com\/\">Tunisie<\/a>.<\/p>\n<\/div>\n<p>Auteur: rania ben slimane<br \/>\n<a href=\"https:\/\/www.tunisienumerique.com\/djebel-jelloud-collision-entre-deux-trains-le-verdict-tombera-ce-31-mars\/\">Cliquez ici pour lire l&rsquo;article depuis sa source.<\/a><\/p>\n","protected":false},"excerpt":{"rendered":"<p>Le Premier substitut du Procureur de la R\u00e9publique pr\u00e8s le Tribunal de Premi\u00e8re Instance de Tunis 2 et son porte-parole, Sami Smedhi a confirm\u00e9, dans une d\u00e9claration \u00e0 une radio priv\u00e9e ce jeudi soir, que la Chambre criminelle pr\u00e8s le tribunal a d\u00e9cid\u00e9 de retenir l\u2019affaire relative \u00e0 la collision des deux trains \u00e0 Djebel [&hellip;]<\/p>\n","protected":false},"author":1789,"featured_media":0,"comment_status":"closed","ping_status":"closed","sticky":false,"template":"","format":"standard","meta":{"fifu_image_url":"","fifu_image_alt":"","footnotes":""},"categories":[73,55],"tags":[],"class_list":["post-143882","post","type-post","status-publish","format-standard","hentry","category-actualite","category-tunisie"],"_links":{"self":[{"href":"https:\/\/linitiative.ca\/International\/wp-json\/wp\/v2\/posts\/143882","targetHints":{"allow":["GET"]}}],"collection":[{"href":"https:\/\/linitiative.ca\/International\/wp-json\/wp\/v2\/posts"}],"about":[{"href":"https:\/\/linitiative.ca\/International\/wp-json\/wp\/v2\/types\/post"}],"author":[{"embeddable":true,"href":"https:\/\/linitiative.ca\/International\/wp-json\/wp\/v2\/users\/1789"}],"replies":[{"embeddable":true,"href":"https:\/\/linitiative.ca\/International\/wp-json\/wp\/v2\/comments?post=143882"}],"version-history":[{"count":0,"href":"https:\/\/linitiative.ca\/International\/wp-json\/wp\/v2\/posts\/143882\/revisions"}],"wp:attachment":[{"href":"https:\/\/linitiative.ca\/International\/wp-json\/wp\/v2\/media?parent=143882"}],"wp:term":[{"taxonomy":"category","embeddable":true,"href":"https:\/\/linitiative.ca\/International\/wp-json\/wp\/v2\/categories?post=143882"},{"taxonomy":"post_tag","embeddable":true,"href":"https:\/\/linitiative.ca\/International\/wp-json\/wp\/v2\/tags?post=143882"}],"curies":[{"name":"wp","href":"https:\/\/api.w.org\/{rel}","templated":true}]}}