{"id":143887,"date":"2022-03-24T16:13:53","date_gmt":"2022-03-24T20:13:53","guid":{"rendered":"https:\/\/linitiative.ca\/International\/demissions-au-mpp-apres-la-perte-du-pouvoir-vous-avez-dit-convictions-politiques\/"},"modified":"2022-03-24T16:13:53","modified_gmt":"2022-03-24T20:13:53","slug":"demissions-au-mpp-apres-la-perte-du-pouvoir-vous-avez-dit-convictions-politiques","status":"publish","type":"post","link":"https:\/\/linitiative.ca\/International\/demissions-au-mpp-apres-la-perte-du-pouvoir-vous-avez-dit-convictions-politiques\/","title":{"rendered":"DEMISSIONS AU MPP APRES LA PERTE DU POUVOIR : Vous avez dit convictions politiques\u00a0?"},"content":{"rendered":"<div>\n<p><img decoding=\"async\" width=\"600\" height=\"270\" src=\"https:\/\/linitiative.ca\/International\/wp-content\/uploads\/sites\/23\/2022\/03\/MPP-1.jpg\" class=\"attachment- size- wp-post-image\" alt=\"\" loading=\"lazy\" style=\"float:left; margin:0 15px 15px 0;\" srcset=\"https:\/\/linitiative.ca\/International\/wp-content\/uploads\/sites\/23\/2022\/03\/MPP-1.jpg 600w, https:\/\/lepays.bf\/wp-content\/uploads\/2022\/03\/MPP-1-300x135.jpg 300w, https:\/\/lepays.bf\/wp-content\/uploads\/2022\/03\/MPP-1-150x68.jpg 150w\" sizes=\"auto, (max-width: 600px) 100vw, 600px\">La conviction politique. Voil\u00e0 une expression dont on se demande si elle a encore un sens au Burkina Faso o\u00f9 le nomadisme politique a \u00e9t\u00e9 banalis\u00e9 au point que l\u2019on se demande s\u2019il ne s\u2019inscrit pas aujourd\u2019hui dans la norme, au gr\u00e9 des int\u00e9r\u00eats du [\u2026]<\/p>\n<p>L\u2019article <a rel=\"nofollow\" href=\"https:\/\/lepays.bf\/demissions-au-mpp-apres-la-perte-du-pouvoir-vous-avez-dit-convictions-politiques-2\/\">DEMISSIONS AU MPP APRES LA PERTE DU POUVOIR : Vous avez dit convictions politiques\u00a0?<\/a> est apparu en premier sur <a rel=\"nofollow\" href=\"https:\/\/lepays.bf\/\">Editions Le Pays<\/a>.<\/p>\n<\/div>\n<p>Auteur: Editions LEPAYS<br \/>\n<a href=\"https:\/\/lepays.bf\/demissions-au-mpp-apres-la-perte-du-pouvoir-vous-avez-dit-convictions-politiques-2\/\">Cliquez ici pour lire l&rsquo;article depuis sa source.<\/a><\/p>\n","protected":false},"excerpt":{"rendered":"<p>La conviction politique. Voil\u00e0 une expression dont on se demande si elle a encore un sens au Burkina Faso o\u00f9 le nomadisme politique a \u00e9t\u00e9 banalis\u00e9 au point que l\u2019on se demande s\u2019il ne s\u2019inscrit pas aujourd\u2019hui dans la norme, au gr\u00e9 des int\u00e9r\u00eats du [\u2026] L\u2019article DEMISSIONS AU MPP APRES LA PERTE DU POUVOIR [&hellip;]<\/p>\n","protected":false},"author":1813,"featured_media":0,"comment_status":"closed","ping_status":"closed","sticky":false,"template":"","format":"standard","meta":{"fifu_image_url":"https:\/\/lepays.bf\/wp-content\/uploads\/2022\/03\/MPP-1.jpg","fifu_image_alt":"DEMISSIONS AU MPP APRES LA PERTE DU POUVOIR : Vous avez dit convictions politiques\u00a0?","footnotes":""},"categories":[73,81],"tags":[],"class_list":["post-143887","post","type-post","status-publish","format-standard","hentry","category-actualite","category-burkina-faso"],"_links":{"self":[{"href":"https:\/\/linitiative.ca\/International\/wp-json\/wp\/v2\/posts\/143887","targetHints":{"allow":["GET"]}}],"collection":[{"href":"https:\/\/linitiative.ca\/International\/wp-json\/wp\/v2\/posts"}],"about":[{"href":"https:\/\/linitiative.ca\/International\/wp-json\/wp\/v2\/types\/post"}],"author":[{"embeddable":true,"href":"https:\/\/linitiative.ca\/International\/wp-json\/wp\/v2\/users\/1813"}],"replies":[{"embeddable":true,"href":"https:\/\/linitiative.ca\/International\/wp-json\/wp\/v2\/comments?post=143887"}],"version-history":[{"count":0,"href":"https:\/\/linitiative.ca\/International\/wp-json\/wp\/v2\/posts\/143887\/revisions"}],"wp:attachment":[{"href":"https:\/\/linitiative.ca\/International\/wp-json\/wp\/v2\/media?parent=143887"}],"wp:term":[{"taxonomy":"category","embeddable":true,"href":"https:\/\/linitiative.ca\/International\/wp-json\/wp\/v2\/categories?post=143887"},{"taxonomy":"post_tag","embeddable":true,"href":"https:\/\/linitiative.ca\/International\/wp-json\/wp\/v2\/tags?post=143887"}],"curies":[{"name":"wp","href":"https:\/\/api.w.org\/{rel}","templated":true}]}}