{"id":143889,"date":"2022-03-24T16:16:52","date_gmt":"2022-03-24T20:16:52","guid":{"rendered":"https:\/\/linitiative.ca\/International\/obseques-de-soumeylou-boubeye-maiga-emotion-colere-et-indignation-etaient-au-rendez-vous\/"},"modified":"2022-03-24T16:16:52","modified_gmt":"2022-03-24T20:16:52","slug":"obseques-de-soumeylou-boubeye-maiga-emotion-colere-et-indignation-etaient-au-rendez-vous","status":"publish","type":"post","link":"https:\/\/linitiative.ca\/International\/obseques-de-soumeylou-boubeye-maiga-emotion-colere-et-indignation-etaient-au-rendez-vous\/","title":{"rendered":"OBSEQUES DE SOUMEYLOU BOUBEYE MAIGA : Emotion, col\u00e8re et indignation \u00e9taient au rendez-vous"},"content":{"rendered":"<div>\n<p><img loading=\"lazy\" decoding=\"async\" width=\"592\" height=\"296\" src=\"https:\/\/linitiative.ca\/International\/wp-content\/uploads\/sites\/23\/2022\/03\/HOMMAGE-1.jpg\" class=\"attachment- size- wp-post-image\" alt=\"\" style=\"float:left; margin:0 15px 15px 0;\" srcset=\"https:\/\/linitiative.ca\/International\/wp-content\/uploads\/sites\/23\/2022\/03\/HOMMAGE-1.jpg 592w, https:\/\/lepays.bf\/wp-content\/uploads\/2022\/03\/HOMMAGE-1-300x150.jpg 300w, https:\/\/lepays.bf\/wp-content\/uploads\/2022\/03\/HOMMAGE-1-150x75.jpg 150w\" sizes=\"auto, (max-width: 592px) 100vw, 592px\">L\u2019ancien Premier ministre malien, Soumeylou Boub\u00e8ye Ma\u00efga alias \u00ab\u00a0le Tigre\u00a0\u00bb, repose d\u00e9sormais et pour l\u2019\u00e9ternit\u00e9 au cimeti\u00e8re de Niarela, dans le vieux quartier commer\u00e7ant du centre-ville de Bamako. Il a \u00e9t\u00e9 port\u00e9 en terre hier apr\u00e8s-midi, en pr\u00e9sence de sa famille biologique et politique, et [\u2026]<\/p>\n<p>L\u2019article <a rel=\"nofollow\" href=\"https:\/\/lepays.bf\/obseques-de-soumeylou-boubeye-maiga-emotion-colere-et-indignation-etaient-au-rendez-vous\/\">OBSEQUES DE SOUMEYLOU BOUBEYE MAIGA : Emotion, col\u00e8re et indignation \u00e9taient au rendez-vous<\/a> est apparu en premier sur <a rel=\"nofollow\" href=\"https:\/\/lepays.bf\/\">Editions Le Pays<\/a>.<\/p>\n<\/div>\n<p>Auteur: Editions LEPAYS<br \/>\n<a href=\"https:\/\/lepays.bf\/obseques-de-soumeylou-boubeye-maiga-emotion-colere-et-indignation-etaient-au-rendez-vous\/\">Cliquez ici pour lire l&rsquo;article depuis sa source.<\/a><\/p>\n","protected":false},"excerpt":{"rendered":"<p>L\u2019ancien Premier ministre malien, Soumeylou Boub\u00e8ye Ma\u00efga alias \u00ab\u00a0le Tigre\u00a0\u00bb, repose d\u00e9sormais et pour l\u2019\u00e9ternit\u00e9 au cimeti\u00e8re de Niarela, dans le vieux quartier commer\u00e7ant du centre-ville de Bamako. Il a \u00e9t\u00e9 port\u00e9 en terre hier apr\u00e8s-midi, en pr\u00e9sence de sa famille biologique et politique, et [\u2026] L\u2019article OBSEQUES DE SOUMEYLOU BOUBEYE MAIGA : Emotion, col\u00e8re [&hellip;]<\/p>\n","protected":false},"author":1813,"featured_media":0,"comment_status":"closed","ping_status":"closed","sticky":false,"template":"","format":"standard","meta":{"fifu_image_url":"https:\/\/lepays.bf\/wp-content\/uploads\/2022\/03\/HOMMAGE-1.jpg","fifu_image_alt":"OBSEQUES DE SOUMEYLOU BOUBEYE MAIGA : Emotion, col\u00e8re et indignation \u00e9taient au rendez-vous","footnotes":""},"categories":[73,81],"tags":[],"class_list":["post-143889","post","type-post","status-publish","format-standard","hentry","category-actualite","category-burkina-faso"],"_links":{"self":[{"href":"https:\/\/linitiative.ca\/International\/wp-json\/wp\/v2\/posts\/143889","targetHints":{"allow":["GET"]}}],"collection":[{"href":"https:\/\/linitiative.ca\/International\/wp-json\/wp\/v2\/posts"}],"about":[{"href":"https:\/\/linitiative.ca\/International\/wp-json\/wp\/v2\/types\/post"}],"author":[{"embeddable":true,"href":"https:\/\/linitiative.ca\/International\/wp-json\/wp\/v2\/users\/1813"}],"replies":[{"embeddable":true,"href":"https:\/\/linitiative.ca\/International\/wp-json\/wp\/v2\/comments?post=143889"}],"version-history":[{"count":0,"href":"https:\/\/linitiative.ca\/International\/wp-json\/wp\/v2\/posts\/143889\/revisions"}],"wp:attachment":[{"href":"https:\/\/linitiative.ca\/International\/wp-json\/wp\/v2\/media?parent=143889"}],"wp:term":[{"taxonomy":"category","embeddable":true,"href":"https:\/\/linitiative.ca\/International\/wp-json\/wp\/v2\/categories?post=143889"},{"taxonomy":"post_tag","embeddable":true,"href":"https:\/\/linitiative.ca\/International\/wp-json\/wp\/v2\/tags?post=143889"}],"curies":[{"name":"wp","href":"https:\/\/api.w.org\/{rel}","templated":true}]}}