{"id":143891,"date":"2022-03-24T12:04:38","date_gmt":"2022-03-24T16:04:38","guid":{"rendered":"https:\/\/linitiative.ca\/International\/cascades-le-nouveau-gouverneur-jean-charles-some-a-pris-officiellement-fonction\/"},"modified":"2022-03-24T12:04:38","modified_gmt":"2022-03-24T16:04:38","slug":"cascades-le-nouveau-gouverneur-jean-charles-some-a-pris-officiellement-fonction","status":"publish","type":"post","link":"https:\/\/linitiative.ca\/International\/cascades-le-nouveau-gouverneur-jean-charles-some-a-pris-officiellement-fonction\/","title":{"rendered":"CASCADES\u00a0: Le nouveau Gouverneur Jean Charles Som\u00e9 a pris officiellement fonction"},"content":{"rendered":"<div>\n<p>Nomm\u00e9 Gouverneur de la r\u00e9gion des Cascades depuis le 19 f\u00e9vrier 2022, en remplacement\u00a0 de Apiou Jos\u00e9phine Kouara\/Kabor\u00e9, le Colonel Jean Charles Som\u00e9 a \u00e9t\u00e9 install\u00e9 ce 24\u00a0 mars 2022 dans ses nouvelles fonctions de Gouverneur de la r\u00e9gion des Cascades, par Abdoul Wabou Drabo Ministre des sports, de la jeunesse et de l\u2019emploi.<\/p>\n<p>C\u2019\u00e9tait \u00e0 l\u2019issue d\u2019une c\u00e9r\u00e9monie de passation de t\u00e9moin entre les Gouverneurs sortant et entrant. \u00ab Nous voulons que demain on puisse se dire, cette r\u00e9gion est le symbole du pays qui repart de l\u2019avant. Ensemble, nous allons construire la r\u00e9gion de demain \u00bb ; a d\u00e9clar\u00e9 le nouveau Gouverneur des Cascades Jean Charles Som\u00e9.<\/p>\n<p style=\"text-align: right\">\u00a0\u00a0\u00a0\u00a0\u00a0\u00a0\u00a0\u00a0\u00a0 \u00a0\u00a0\u00a0\u00a0\u00a0\u00a0\u00a0\u00a0\u00a0\u00a0\u00a0\u00a0\u00a0\u00a0\u00a0\u00a0\u00a0\u00a0\u00a0\u00a0\u00a0\u00a0\u00a0\u00a0\u00a0\u00a0\u00a0\u00a0\u00a0\u00a0\u00a0\u00a0\u00a0\u00a0\u00a0\u00a0\u00a0\u00a0\u00a0\u00a0\u00a0\u00a0\u00a0\u00a0\u00a0\u00a0\u00a0\u00a0\u00a0\u00a0\u00a0\u00a0\u00a0\u00a0\u00a0\u00a0\u00a0\u00a0\u00a0\u00a0\u00a0\u00a0\u00a0\u00a0\u00a0\u00a0\u00a0\u00a0\u00a0\u00a0\u00a0\u00a0\u00a0\u00a0\u00a0\u00a0\u00a0\u00a0\u00a0\u00a0\u00a0\u00a0\u00a0\u00a0\u00a0\u00a0\u00a0\u00a0\u00a0\u00a0\u00a0\u00a0\u00a0\u00a0\u00a0\u00a0\u00a0\u00a0\u00a0\u00a0\u00a0\u00a0\u00a0\u00a0\u00a0\u00a0\u00a0\u00a0\u00a0\u00a0\u00a0\u00a0\u00a0\u00a0\u00a0\u00a0\u00a0\u00a0 <strong>Mamadou YERE<\/strong><\/p>\n<p>L\u2019article <a rel=\"nofollow\" href=\"https:\/\/www.sidwaya.info\/blog\/2022\/03\/24\/cascades-le-nouveau-gouverneur-jean-charles-some-a-pris-officiellement-fonction\/\">CASCADES\u00a0: Le nouveau Gouverneur Jean Charles Som\u00e9 a pris officiellement fonction<\/a> est apparu en premier sur <a rel=\"nofollow\" href=\"https:\/\/www.sidwaya.info\/\">Quotidien Sidwaya<\/a>.<\/p>\n<\/div>\n<p>Auteur: Wamini SIDWAYA<br \/>\n<a href=\"https:\/\/www.sidwaya.info\/blog\/2022\/03\/24\/cascades-le-nouveau-gouverneur-jean-charles-some-a-pris-officiellement-fonction\/?utm_source=rss&#038;utm_medium=rss&#038;utm_campaign=cascades-le-nouveau-gouverneur-jean-charles-some-a-pris-officiellement-fonction\">Cliquez ici pour lire l&rsquo;article depuis sa source.<\/a><\/p>\n","protected":false},"excerpt":{"rendered":"<p>Nomm\u00e9 Gouverneur de la r\u00e9gion des Cascades depuis le 19 f\u00e9vrier 2022, en remplacement\u00a0 de Apiou Jos\u00e9phine Kouara\/Kabor\u00e9, le Colonel Jean Charles Som\u00e9 a \u00e9t\u00e9 install\u00e9 ce 24\u00a0 mars 2022 dans ses nouvelles fonctions de Gouverneur de la r\u00e9gion des Cascades, par Abdoul Wabou Drabo Ministre des sports, de la jeunesse et de l\u2019emploi. C\u2019\u00e9tait [&hellip;]<\/p>\n","protected":false},"author":1816,"featured_media":0,"comment_status":"closed","ping_status":"closed","sticky":false,"template":"","format":"standard","meta":{"fifu_image_url":"","fifu_image_alt":"","footnotes":""},"categories":[73,81],"tags":[],"class_list":["post-143891","post","type-post","status-publish","format-standard","hentry","category-actualite","category-burkina-faso"],"_links":{"self":[{"href":"https:\/\/linitiative.ca\/International\/wp-json\/wp\/v2\/posts\/143891","targetHints":{"allow":["GET"]}}],"collection":[{"href":"https:\/\/linitiative.ca\/International\/wp-json\/wp\/v2\/posts"}],"about":[{"href":"https:\/\/linitiative.ca\/International\/wp-json\/wp\/v2\/types\/post"}],"author":[{"embeddable":true,"href":"https:\/\/linitiative.ca\/International\/wp-json\/wp\/v2\/users\/1816"}],"replies":[{"embeddable":true,"href":"https:\/\/linitiative.ca\/International\/wp-json\/wp\/v2\/comments?post=143891"}],"version-history":[{"count":0,"href":"https:\/\/linitiative.ca\/International\/wp-json\/wp\/v2\/posts\/143891\/revisions"}],"wp:attachment":[{"href":"https:\/\/linitiative.ca\/International\/wp-json\/wp\/v2\/media?parent=143891"}],"wp:term":[{"taxonomy":"category","embeddable":true,"href":"https:\/\/linitiative.ca\/International\/wp-json\/wp\/v2\/categories?post=143891"},{"taxonomy":"post_tag","embeddable":true,"href":"https:\/\/linitiative.ca\/International\/wp-json\/wp\/v2\/tags?post=143891"}],"curies":[{"name":"wp","href":"https:\/\/api.w.org\/{rel}","templated":true}]}}