{"id":143893,"date":"2022-03-24T12:22:54","date_gmt":"2022-03-24T16:22:54","guid":{"rendered":"https:\/\/linitiative.ca\/International\/nigeria-atiku-abubakar-candidat-pour-6e-fois-a-lelection-presidentielle\/"},"modified":"2022-03-24T12:22:54","modified_gmt":"2022-03-24T16:22:54","slug":"nigeria-atiku-abubakar-candidat-pour-6e-fois-a-lelection-presidentielle","status":"publish","type":"post","link":"https:\/\/linitiative.ca\/International\/nigeria-atiku-abubakar-candidat-pour-6e-fois-a-lelection-presidentielle\/","title":{"rendered":"Nigeria : Atiku Abubakar, candidat pour 6e fois \u00e0 l\u2019\u00e9lection pr\u00e9sidentielle"},"content":{"rendered":"<div>\n<p>L\u2019ancien vice-pr\u00e9sident Atiku Abubakar a annonc\u00e9 sa candidature \u00e0 l\u2019\u00e9lection pr\u00e9sidentielle de f\u00e9vrier 2023, pour la sixi\u00e8me fois.\u00a0<em>\u00ab\u00a0Actuellement, le Nigeria est un navire en train de couler, il doit \u00eatre sauv\u00e9 de toute urgence. C\u2019est pourquoi je suis heureux d\u2019annoncer ma candidature \u00e0 la pr\u00e9sidence de la R\u00e9publique f\u00e9d\u00e9rale du Nigeria, sous la plateforme du Parti d\u00e9mocratique populaire du Nigeria\u00a0\u00bb<\/em>, a-t-il d\u00e9clar\u00e9.<\/p>\n<p>Selon africanews, bien avant l\u2019\u00e9lection pr\u00e9sidentielle, Atiku Abubakar doit d\u2019abord acc\u00e9der \u00e0 la pr\u00e9sidence du Parti d\u00e9mocratique populaire du Nigeria face de grandes figures notamment Aminu Waziri Tambuwal le gouverneur de Sokoto et le gouverneur Bala Mohammed de Bauchi.<\/p>\n<p>Originaire de l\u2019Etat d\u2019Adamawa, dans le nord-est du Nigeria, Atiku Abubakar avait obtenu l\u2019aval de son parti en 2019 mais avait \u00e9t\u00e9 battu par l\u2019actuel pr\u00e9sident Muhammadu Buhari, pour cette nouvelle conqu\u00eate pr\u00e9sidentielle, il propose cinq cl\u00e9s bas\u00e9es sur : l\u2019unit\u00e9 du Nigeria, la s\u00e9curit\u00e9, l\u2019\u00e9conomie, l\u2019\u00e9ducation et la d\u00e9volution de plus de ressources et de pouvoirs aux unit\u00e9s f\u00e9d\u00e9ratives.<\/p>\n<p><strong>La R\u00e9daction<\/strong><\/p>\n<p>L\u2019article <a rel=\"nofollow\" href=\"https:\/\/www.sidwaya.info\/blog\/2022\/03\/24\/nigeria-atiku-abubakar-candidat-pour-6e-fois-a-lelection-presidentielle\/\">Nigeria : Atiku Abubakar, candidat pour 6e fois \u00e0 l\u2019\u00e9lection pr\u00e9sidentielle<\/a> est apparu en premier sur <a rel=\"nofollow\" href=\"https:\/\/www.sidwaya.info\/\">Quotidien Sidwaya<\/a>.<\/p>\n<\/div>\n<p>Auteur: Wamini SIDWAYA<br \/>\n<a href=\"https:\/\/www.sidwaya.info\/blog\/2022\/03\/24\/nigeria-atiku-abubakar-candidat-pour-6e-fois-a-lelection-presidentielle\/?utm_source=rss&#038;utm_medium=rss&#038;utm_campaign=nigeria-atiku-abubakar-candidat-pour-6e-fois-a-lelection-presidentielle\">Cliquez ici pour lire l&rsquo;article depuis sa source.<\/a><\/p>\n","protected":false},"excerpt":{"rendered":"<p>L\u2019ancien vice-pr\u00e9sident Atiku Abubakar a annonc\u00e9 sa candidature \u00e0 l\u2019\u00e9lection pr\u00e9sidentielle de f\u00e9vrier 2023, pour la sixi\u00e8me fois.\u00a0\u00ab\u00a0Actuellement, le Nigeria est un navire en train de couler, il doit \u00eatre sauv\u00e9 de toute urgence. C\u2019est pourquoi je suis heureux d\u2019annoncer ma candidature \u00e0 la pr\u00e9sidence de la R\u00e9publique f\u00e9d\u00e9rale du Nigeria, sous la plateforme du [&hellip;]<\/p>\n","protected":false},"author":1816,"featured_media":0,"comment_status":"closed","ping_status":"closed","sticky":false,"template":"","format":"standard","meta":{"fifu_image_url":"","fifu_image_alt":"","footnotes":""},"categories":[73,81],"tags":[],"class_list":["post-143893","post","type-post","status-publish","format-standard","hentry","category-actualite","category-burkina-faso"],"_links":{"self":[{"href":"https:\/\/linitiative.ca\/International\/wp-json\/wp\/v2\/posts\/143893","targetHints":{"allow":["GET"]}}],"collection":[{"href":"https:\/\/linitiative.ca\/International\/wp-json\/wp\/v2\/posts"}],"about":[{"href":"https:\/\/linitiative.ca\/International\/wp-json\/wp\/v2\/types\/post"}],"author":[{"embeddable":true,"href":"https:\/\/linitiative.ca\/International\/wp-json\/wp\/v2\/users\/1816"}],"replies":[{"embeddable":true,"href":"https:\/\/linitiative.ca\/International\/wp-json\/wp\/v2\/comments?post=143893"}],"version-history":[{"count":0,"href":"https:\/\/linitiative.ca\/International\/wp-json\/wp\/v2\/posts\/143893\/revisions"}],"wp:attachment":[{"href":"https:\/\/linitiative.ca\/International\/wp-json\/wp\/v2\/media?parent=143893"}],"wp:term":[{"taxonomy":"category","embeddable":true,"href":"https:\/\/linitiative.ca\/International\/wp-json\/wp\/v2\/categories?post=143893"},{"taxonomy":"post_tag","embeddable":true,"href":"https:\/\/linitiative.ca\/International\/wp-json\/wp\/v2\/tags?post=143893"}],"curies":[{"name":"wp","href":"https:\/\/api.w.org\/{rel}","templated":true}]}}