{"id":143895,"date":"2022-03-24T14:16:01","date_gmt":"2022-03-24T18:16:01","guid":{"rendered":"https:\/\/linitiative.ca\/International\/enseignement-a-distance-le-burkina-pays-pilote-du-projet-africa-digital-campus\/"},"modified":"2022-03-24T14:16:01","modified_gmt":"2022-03-24T18:16:01","slug":"enseignement-a-distance-le-burkina-pays-pilote-du-projet-africa-digital-campus","status":"publish","type":"post","link":"https:\/\/linitiative.ca\/International\/enseignement-a-distance-le-burkina-pays-pilote-du-projet-africa-digital-campus\/","title":{"rendered":"Enseignement \u00e0 distance: Le Burkina, pays pilote du projet \u00ab\u00a0Africa Digital Campus\u00a0\u00bb"},"content":{"rendered":"<div>\n<p><strong>Le ministre de l\u2019Enseignement sup\u00e9rieur, de la Recherche scientifique et de l\u2019Innovation, Pr Fr\u00e9d\u00e9ric Ouattara a lanc\u00e9 la phase pilote du projet \u00ab\u00a0<em>Africa Digital Campus<\/em>\u00a0\u00bb le jeudi 24 mars 2022 \u00e0 Ouagadougou. Financ\u00e9 par l\u2019Agence fran\u00e7aise de d\u00e9veloppement, ce projet sera mis en \u0153uvre au sein de l\u2019universit\u00e9 virtuelle du Burkina Faso avec le concours de l\u2019institut de recherche pour le d\u00e9veloppement, Wacren et l\u2019agence universitaire de la francophonie.<\/strong><\/p>\n<p>Les cons\u00e9quences de la pand\u00e9mie de la COVID-19 avec la fermeture des \u00e9tablissements d\u2019enseignement, tout comme la crise s\u00e9curitaire, ont d\u00e9montr\u00e9 la n\u00e9cessit\u00e9 de d\u00e9velopper des initiatives \u00e9ducatives au-del\u00e0 des offres classiques en pr\u00e9sentiel. Parmi les efforts d\u2019innovation en ce sens, l\u2019on peut d\u00e9sormais compter le projet Africa Digital Campus financ\u00e9 par l\u2019Agence fran\u00e7aise de d\u00e9veloppement (AFD) \u00e0 travers des fonds d\u00e9l\u00e9gu\u00e9s de l\u2019Union europ\u00e9enne. Le Burkina Faso, \u00e0 travers son universit\u00e9 virtuelle, abritera la phase pilote qui va durer deux ans et co\u00fbtera un million d\u2019euros (autour de 650 millions de francs CFA). Lors de la c\u00e9r\u00e9monie de lancement officiel du projet, le jeudi 24 mars 2022, \u00e0 Ouagadougou, le Ministre de l\u2019enseignement sup\u00e9rieur, de la recherche scientifique et de l\u2019innovation (MESRSI), Fr\u00e9d\u00e9ric Ouattara s\u2019est r\u00e9joui du caract\u00e8re innovant permettant de mettre en relation \u00e0 distance les \u00e9tudiants avec les enseignants. La mise en \u0153uvre de ce projet mettra en synergie plusieurs acteurs que sont l\u2019universit\u00e9 virtuelle et l\u2019Agence universitaire de la Francophonie (volet production de cours en ligne), WACREN (volet infrastructure et connectivit\u00e9) et \u00a0l\u2019Institut de recherche pour le d\u00e9veloppement (coordination). Le projet se d\u00e9cline sur quatre axes\u00a0: le potentiel de connectivit\u00e9 de par le renforcement des infrastructures y aff\u00e9rentes\u00a0; la formation \u00e0 distance \u00e0 travers le renforcement de l\u2019expertise en ligne des enseignants\u00a0; le plaidoyer en ce qu\u2019il vise \u00e0 mobiliser les d\u00e9cideurs pour la mise \u00e0 l\u2019\u00e9chelle\u00a0; le partage de connaissances \u00e0 travers la synergie entre les structures d\u2019enseignement sup\u00e9rieur.<\/p>\n<figure id=\"attachment_47152\" aria-describedby=\"caption-attachment-47152\" style=\"width: 800px\" class=\"wp-caption alignnone\"><img loading=\"lazy\" decoding=\"async\" class=\"wp-image-47152 size-full\" src=\"https:\/\/linitiative.ca\/International\/wp-content\/uploads\/sites\/23\/2022\/03\/3-9.jpg\" alt=\"\" width=\"800\" height=\"450\" srcset=\"https:\/\/linitiative.ca\/International\/wp-content\/uploads\/sites\/23\/2022\/03\/3-9.jpg 800w, https:\/\/www.sidwaya.info\/wp-content\/uploads\/2022\/03\/3-9-300x169.jpg 300w, https:\/\/www.sidwaya.info\/wp-content\/uploads\/2022\/03\/3-9-768x432.jpg 768w, https:\/\/www.sidwaya.info\/wp-content\/uploads\/2022\/03\/3-9-150x84.jpg 150w, https:\/\/www.sidwaya.info\/wp-content\/uploads\/2022\/03\/3-9-696x392.jpg 696w, https:\/\/www.sidwaya.info\/wp-content\/uploads\/2022\/03\/3-9-747x420.jpg 747w\" sizes=\"auto, (max-width: 800px) 100vw, 800px\"><figcaption id=\"caption-attachment-47152\" class=\"wp-caption-text\">Le Ministre de l\u2019enseignement sup\u00e9rieur, de la recherche scientifique et de l\u2019innovation (MESRSI), Fr\u00e9d\u00e9ric Ouattara<\/figcaption><\/figure>\n<p><strong>Une solution aux maux de l\u2019enseignement sup\u00e9rieur<\/strong><\/p>\n<figure id=\"attachment_47153\" aria-describedby=\"caption-attachment-47153\" style=\"width: 800px\" class=\"wp-caption alignnone\"><img decoding=\"async\" loading=\"lazy\" class=\"wp-image-47153 size-full\" src=\"https:\/\/linitiative.ca\/International\/wp-content\/uploads\/sites\/23\/2022\/03\/2-26.jpg\" alt=\"\" width=\"800\" height=\"450\" srcset=\"https:\/\/linitiative.ca\/International\/wp-content\/uploads\/sites\/23\/2022\/03\/2-26.jpg 800w, https:\/\/www.sidwaya.info\/wp-content\/uploads\/2022\/03\/2-26-300x169.jpg 300w, https:\/\/www.sidwaya.info\/wp-content\/uploads\/2022\/03\/2-26-768x432.jpg 768w, https:\/\/www.sidwaya.info\/wp-content\/uploads\/2022\/03\/2-26-150x84.jpg 150w, https:\/\/www.sidwaya.info\/wp-content\/uploads\/2022\/03\/2-26-696x392.jpg 696w, https:\/\/www.sidwaya.info\/wp-content\/uploads\/2022\/03\/2-26-747x420.jpg 747w\" sizes=\"auto, (max-width: 800px) 100vw, 800px\"><figcaption id=\"caption-attachment-47153\" class=\"wp-caption-text\">Le coordinateur du projet \u00ab Africa Digital Campus \u00bb, Damien Alline<\/figcaption><\/figure>\n<p>Le ministre a d\u2019autant bien accueilli le projet en ce qu\u2019il porte des solutions aux difficult\u00e9s que traversent les universit\u00e9s du pays\u00a0: \u00ab\u00a0<em>Pour nous, c\u2019est un moyen efficace qui, non seulement, va am\u00e9liorer l\u2019offre \u00e9ducative parce que \u00e7a met \u00e0 disposition des ressources documentaires en ligne, mais aussi, va permettre d\u2019augmenter la capacit\u00e9 p\u00e9dagogique des enseignants et r\u00e9sorber le retard acad\u00e9mique qui est un goulot d\u2019\u00e9tranglement des universit\u00e9s<\/em>\u00a0\u00bb. Se projetant au-del\u00e0 de cette phase pilote, Pr Fr\u00e9d\u00e9ric Ouattara examine la mise \u00e0 l\u2019\u00e9chelle du projet. \u00ab\u00a0<em>Avec ma coll\u00e8gue de l\u2019\u00e9conomie num\u00e9rique, nous sommes en train de mettre en place un r\u00e9seautage important et permettre aussi une bande importante qui va faciliter la mise en \u0153uvre de ce projet qui pour nous sera un succ\u00e8s \u00e0 court et long terme<\/em>\u00a0\u00bb, a-t-il confi\u00e9. De l\u2019avis du coordinateur du projet au sein de l\u2019Institut de recherche pour le d\u00e9veloppement (IRD), Damien Alline, le passage \u00e0 l\u2019\u00e9chelle fonctionnera si le Burkina Faso parvient, entre autres, \u00e0 l\u2019ouverture de ses espaces num\u00e9riques et \u00e0 l\u2019interconnexion des universit\u00e9s. Pour lui, l\u2019exemple de r\u00e9ussite de l\u2019universit\u00e9 virtuelle du Burkina Faso en mati\u00e8re de e-learning est d\u00e9j\u00e0 une bonne dynamique pour le pays. \u00ab<em>\u00a0L\u2019id\u00e9e c\u2019est d\u2019aider \u00e0 passer un cap, acc\u00e9l\u00e9rer la dynamique d\u00e9j\u00e0 en place en permettant la production de plus de cours en ligne de qualit\u00e9 qui inciteront les \u00e9tudiants \u00e0 s\u2019inscrire \u00e0 ce type de module pour pouvoir passer des dipl\u00f4mes<\/em>\u00a0\u00bb, a-t-il expliqu\u00e9. Le projet vise \u00e9galement \u00e0 accompagner les enseignants de sorte qu\u2019ils puissent produire des cours selon la m\u00e9thodologie requise et travailler confortablement avec la plateforme e-learning. Damien Alline a \u00e9galement soulign\u00e9 que la phase pilote consiste \u00e0 obtenir des r\u00e9sultats rapidement sur une petite \u00e9chelle.<\/p>\n<p><strong>80% consacr\u00e9 au d\u00e9veloppement des infrastructures<\/strong><\/p>\n<figure id=\"attachment_47151\" aria-describedby=\"caption-attachment-47151\" style=\"width: 800px\" class=\"wp-caption alignnone\"><img decoding=\"async\" loading=\"lazy\" class=\"wp-image-47151 size-full\" src=\"https:\/\/linitiative.ca\/International\/wp-content\/uploads\/sites\/23\/2022\/03\/1-.jpg\" alt=\"\" width=\"800\" height=\"450\" srcset=\"https:\/\/linitiative.ca\/International\/wp-content\/uploads\/sites\/23\/2022\/03\/1-.jpg 800w, https:\/\/www.sidwaya.info\/wp-content\/uploads\/2022\/03\/1--300x169.jpg 300w, https:\/\/www.sidwaya.info\/wp-content\/uploads\/2022\/03\/1--768x432.jpg 768w, https:\/\/www.sidwaya.info\/wp-content\/uploads\/2022\/03\/1--150x84.jpg 150w, https:\/\/www.sidwaya.info\/wp-content\/uploads\/2022\/03\/1--696x392.jpg 696w, https:\/\/www.sidwaya.info\/wp-content\/uploads\/2022\/03\/1--747x420.jpg 747w\" sizes=\"auto, (max-width: 800px) 100vw, 800px\"><figcaption id=\"caption-attachment-47151\" class=\"wp-caption-text\">Le pr\u00e9sident de l\u2019universit\u00e9 virtuelle du Burkina, Jean-Marie Dipama<\/figcaption><\/figure>\n<p>\u00ab\u00a0<em>Le projet pilote concernera donc une centaine d\u2019\u00e9tudiants et quelques enseignants qu\u2019on va vraiment accompagner de tr\u00e8s pr\u00e8s pour avoir des r\u00e9sultats tr\u00e8s rapidement et montrer l\u2019impact qu\u2019on peut obtenir avec tel investissement<\/em>\u00a0\u00bb, a-t-il soulign\u00e9. C\u2019est cet impact qui sera, \u00e0 terme, pr\u00e9sent\u00e9 aux d\u00e9cideurs (gouvernement, bailleurs) pour les convaincre de continuer cette dynamique et de passer \u00e0 l\u2019\u00e9chelle nationale. Mais en attendant ce passage \u00e0 l\u2019\u00e9chelle, le pr\u00e9sident de l\u2019universit\u00e9 virtuelle du Burkina, Jean-Marie Dipama se f\u00e9licite de ce que le projet \u00ab\u00a0<em>African Digital Campus<\/em>\u00a0\u00bb s\u2019appuie sur le syst\u00e8me de e-learning existant au sein des universit\u00e9s du Burkina qu\u2019il vient renforcer\u00a0: \u00ab\u00a0<em>Qui dit formation \u00e0 distance, dit en amont une infrastructure pour h\u00e9berger les ressources et pour y acc\u00e9der \u00e0 travers les technologies de la communication. Ce projet vient pour une f\u00e9d\u00e9ration dans un esprit de mutualisation des diff\u00e9rentes ressources<\/em>\u00a0\u00bb. La dimension d\u00e9veloppement des infrastructures repr\u00e9sente d\u2019ailleurs 750\u00a0000 euros, soit 80% du co\u00fbt du projet, a-t-il estim\u00e9. Pour cette raison, la soutenabilit\u00e9 de la mise \u00e0 l\u2019\u00e9chelle est bien possible selon lui dans la mesure o\u00f9 l\u2019infrastructure n\u00e9cessaire sera mise en place et les diff\u00e9rentes universit\u00e9s pourront alors se mettre en synergie. Dans la m\u00eame logique, la repr\u00e9sentante du bureau r\u00e9gional Sahel de l\u2019Agence fran\u00e7aise de d\u00e9veloppement (AFD), Anne-Marie Sawadogo a insist\u00e9 sur l\u2019enjeu de pouvoir pallier les entraves \u00e0 l\u2019offre \u00e9ducative que constituent la COVID-19 et l\u2019ins\u00e9curit\u00e9. \u00ab\u00a0<em>\u00c7a vous change la vie de pouvoir apprendre \u00e0 distance<\/em>\u00a0\u00bb, a-t-elle assur\u00e9, en s\u2019appuyant sur son exemple personnel.<\/p>\n<figure id=\"attachment_47154\" aria-describedby=\"caption-attachment-47154\" style=\"width: 800px\" class=\"wp-caption alignnone\"><img decoding=\"async\" loading=\"lazy\" class=\"wp-image-47154 size-full\" src=\"https:\/\/linitiative.ca\/International\/wp-content\/uploads\/sites\/23\/2022\/03\/4-5.jpg\" alt=\"\" width=\"800\" height=\"450\" srcset=\"https:\/\/linitiative.ca\/International\/wp-content\/uploads\/sites\/23\/2022\/03\/4-5.jpg 800w, https:\/\/www.sidwaya.info\/wp-content\/uploads\/2022\/03\/4-5-300x169.jpg 300w, https:\/\/www.sidwaya.info\/wp-content\/uploads\/2022\/03\/4-5-768x432.jpg 768w, https:\/\/www.sidwaya.info\/wp-content\/uploads\/2022\/03\/4-5-150x84.jpg 150w, https:\/\/www.sidwaya.info\/wp-content\/uploads\/2022\/03\/4-5-696x392.jpg 696w, https:\/\/www.sidwaya.info\/wp-content\/uploads\/2022\/03\/4-5-747x420.jpg 747w\" sizes=\"auto, (max-width: 800px) 100vw, 800px\"><figcaption id=\"caption-attachment-47154\" class=\"wp-caption-text\">La repr\u00e9sentante du bureau r\u00e9gional sahel de l\u2019AFD, Anne-Marie Sawadogo<\/figcaption><\/figure>\n<p><strong>Mamadou OUATTARA<\/strong><\/p>\n<p>L\u2019article <a rel=\"nofollow\" href=\"https:\/\/www.sidwaya.info\/blog\/2022\/03\/24\/enseignement-a-distance-le-burkina-pays-pilote-du-projet-africa-digital-campus\/\">Enseignement \u00e0 distance: Le Burkina, pays pilote du projet \u00ab\u00a0Africa Digital Campus\u00a0\u00bb<\/a> est apparu en premier sur <a rel=\"nofollow\" href=\"https:\/\/www.sidwaya.info\/\">Quotidien Sidwaya<\/a>.<\/p>\n<\/div>\n<p>Auteur: BS. Sidwaya<br \/>\n<a href=\"https:\/\/www.sidwaya.info\/blog\/2022\/03\/24\/enseignement-a-distance-le-burkina-pays-pilote-du-projet-africa-digital-campus\/?utm_source=rss&#038;utm_medium=rss&#038;utm_campaign=enseignement-a-distance-le-burkina-pays-pilote-du-projet-africa-digital-campus\">Cliquez ici pour lire l&rsquo;article depuis sa source.<\/a><\/p>\n","protected":false},"excerpt":{"rendered":"<p>Le ministre de l\u2019Enseignement sup\u00e9rieur, de la Recherche scientifique et de l\u2019Innovation, Pr Fr\u00e9d\u00e9ric Ouattara a lanc\u00e9 la phase pilote du projet \u00ab\u00a0Africa Digital Campus\u00a0\u00bb le jeudi 24 mars 2022 \u00e0 Ouagadougou. Financ\u00e9 par l\u2019Agence fran\u00e7aise de d\u00e9veloppement, ce projet sera mis en \u0153uvre au sein de l\u2019universit\u00e9 virtuelle du Burkina Faso avec le concours [&hellip;]<\/p>\n","protected":false},"author":1816,"featured_media":0,"comment_status":"closed","ping_status":"closed","sticky":false,"template":"","format":"standard","meta":{"fifu_image_url":"https:\/\/www.sidwaya.info\/wp-content\/uploads\/2022\/03\/3-9.jpg","fifu_image_alt":"Enseignement \u00e0 distance: Le Burkina, pays pilote du projet \u00ab\u00a0Africa Digital Campus\u00a0\u00bb","footnotes":""},"categories":[73,81],"tags":[],"class_list":["post-143895","post","type-post","status-publish","format-standard","hentry","category-actualite","category-burkina-faso"],"_links":{"self":[{"href":"https:\/\/linitiative.ca\/International\/wp-json\/wp\/v2\/posts\/143895","targetHints":{"allow":["GET"]}}],"collection":[{"href":"https:\/\/linitiative.ca\/International\/wp-json\/wp\/v2\/posts"}],"about":[{"href":"https:\/\/linitiative.ca\/International\/wp-json\/wp\/v2\/types\/post"}],"author":[{"embeddable":true,"href":"https:\/\/linitiative.ca\/International\/wp-json\/wp\/v2\/users\/1816"}],"replies":[{"embeddable":true,"href":"https:\/\/linitiative.ca\/International\/wp-json\/wp\/v2\/comments?post=143895"}],"version-history":[{"count":0,"href":"https:\/\/linitiative.ca\/International\/wp-json\/wp\/v2\/posts\/143895\/revisions"}],"wp:attachment":[{"href":"https:\/\/linitiative.ca\/International\/wp-json\/wp\/v2\/media?parent=143895"}],"wp:term":[{"taxonomy":"category","embeddable":true,"href":"https:\/\/linitiative.ca\/International\/wp-json\/wp\/v2\/categories?post=143895"},{"taxonomy":"post_tag","embeddable":true,"href":"https:\/\/linitiative.ca\/International\/wp-json\/wp\/v2\/tags?post=143895"}],"curies":[{"name":"wp","href":"https:\/\/api.w.org\/{rel}","templated":true}]}}