{"id":143902,"date":"2022-03-24T13:18:03","date_gmt":"2022-03-24T17:18:03","guid":{"rendered":"https:\/\/linitiative.ca\/International\/maroc-appel-a-la-creation-dune-plate-forme-de-commercialisation-numerique-des-produits-sahraouis\/"},"modified":"2022-03-24T13:18:03","modified_gmt":"2022-03-24T17:18:03","slug":"maroc-appel-a-la-creation-dune-plate-forme-de-commercialisation-numerique-des-produits-sahraouis","status":"publish","type":"post","link":"https:\/\/linitiative.ca\/International\/maroc-appel-a-la-creation-dune-plate-forme-de-commercialisation-numerique-des-produits-sahraouis\/","title":{"rendered":"Maroc : Appel \u00e0 la cr\u00e9ation d\u2019une plate-forme de commercialisation num\u00e9rique des produits sahraouis"},"content":{"rendered":"<div>\n<p><img decoding=\"async\" width=\"1600\" height=\"1200\" src=\"https:\/\/linitiative.ca\/International\/wp-content\/uploads\/sites\/23\/2022\/03\/16481422834149.jpg\" class=\"attachment-post-thumbnail size-post-thumbnail wp-post-image\" alt=\"\" loading=\"lazy\" srcset=\"https:\/\/linitiative.ca\/International\/wp-content\/uploads\/sites\/23\/2022\/03\/16481422834149.jpg 1600w, https:\/\/www.journalducameroun.com\/wp-content\/uploads\/2022\/03\/16481422834149-300x225.jpg 300w, https:\/\/www.journalducameroun.com\/wp-content\/uploads\/2022\/03\/16481422834149-1024x768.jpg 1024w, https:\/\/www.journalducameroun.com\/wp-content\/uploads\/2022\/03\/16481422834149-768x576.jpg 768w, https:\/\/www.journalducameroun.com\/wp-content\/uploads\/2022\/03\/16481422834149-1536x1152.jpg 1536w, https:\/\/www.journalducameroun.com\/wp-content\/uploads\/2022\/03\/16481422834149-587x440.jpg 587w, https:\/\/www.journalducameroun.com\/wp-content\/uploads\/2022\/03\/16481422834149-600x450.jpg 600w\" sizes=\"auto, (max-width: 1600px) 100vw, 1600px\"><\/p>\n<p>Par Hicham Alaoui &#8212; Le Forum des femmes sahraouies, organis\u00e9 \u00e0 L\u00e2ayoune, sous le th\u00e8me \u00ab\u00a0Leadership des femmes et autonomisation \u00e9conomique\u00a0\u00bb, a cl\u00f4tur\u00e9, ce jeudi, ses travaux par un appel pour la cr\u00e9ation d&rsquo;une plate-forme de commercialisation num\u00e9rique des produits sahraouis.Initi\u00e9e par le Forum des femmes sahraouies pour le D\u00e9veloppement et la D\u00e9mocratie, cette rencontre a recommand\u00e9 de promouvoir les activit\u00e9s des coop\u00e9ratives de la r\u00e9gion de La\u00e2youne-Sakia El Hamra, de simplifier les proc\u00e9dures et de soutenir la mise en place de coop\u00e9ratives dans le domaine des services (emballage et acc\u00e8s au march\u00e9&#8230;), ainsi que d&rsquo;organiser des expositions et foires r\u00e9gionales p\u00e9riodiques dans toutes les r\u00e9gions du Maroc.<\/p>\n<p>Les participantes \u00e0 ce Forum ont \u00e9galement recommand\u00e9 la n\u00e9cessit\u00e9 de reconsid\u00e9rer certaines proc\u00e9dures administratives afin de faciliter les \u00e9changes commerciaux coop\u00e9ratifs aux niveaux arabe, africain et international, devant aboutir \u00e0 la conclusion de partenariats institutionnels.<\/p>\n<p>Lors des ateliers initi\u00e9s dans le cadre de cet \u00e9v\u00e8nement, les participantes ont suivi de nombreuses exp\u00e9riences f\u00e9minines marocaines, arabes et internationales de femmes leaders ayant r\u00e9ussi leur parcours d&rsquo;entreprenariat dans moult domaines (commerce, h\u00f4tellerie, emballage, \u00e9ducation\u2026.).<\/p>\n<p>Les intervenantes ont soulign\u00e9 la n\u00e9cessit\u00e9 d&rsquo;inscrire ce Forum dans la durabilit\u00e9 et de l&rsquo;\u00e9riger en un \u00ab\u00a0march\u00e9 coop\u00e9ratif africain, arabe et international\u00a0\u00bb dans la perspective de cr\u00e9er un centre international ici \u00e0 la ville marocaine de L\u00e2ayoune pour \u00e9changer les exp\u00e9riences et faciliter l&rsquo;acc\u00e8s \u00e0 la formation continue des femmes dans les domaines des coop\u00e9ratives productives.<\/p>\n<p>Cette rencontre, \u00e0 laquelle ont pris part des femmes leaders marocaines, africaines, arabes et des Etats Unis d&rsquo;Am\u00e9rique, a constitu\u00e9 un espace pour promouvoir les coop\u00e9ratives f\u00e9minines et renforcer leur esprit d&rsquo;innovation dans le domaine de la valorisation des produits et commercialisation, notamment les coop\u00e9ratives op\u00e9rant dans les domaines de l&rsquo;agriculture, la p\u00eache et l&rsquo;artisanat.<\/p>\n<p>Cet article <a rel=\"nofollow\" href=\"https:\/\/www.journalducameroun.com\/maroc-appel-a-la-creation-dune-plate-forme-de-commercialisation-numerique-des-produits-sahraouis\/\">Maroc : Appel \u00e0 la cr\u00e9ation d\u2019une plate-forme de commercialisation num\u00e9rique des produits sahraouis<\/a> est apparu en premier sur <a rel=\"nofollow\" href=\"https:\/\/www.journalducameroun.com\/\">Journal du Cameroun<\/a>.<\/p>\n<\/div>\n<p>Auteur: APA News<br \/>\n<a href=\"https:\/\/www.journalducameroun.com\/maroc-appel-a-la-creation-dune-plate-forme-de-commercialisation-numerique-des-produits-sahraouis\/\">Cliquez ici pour lire l&rsquo;article depuis sa source.<\/a><\/p>\n","protected":false},"excerpt":{"rendered":"<p>Par Hicham Alaoui &#8212; Le Forum des femmes sahraouies, organis\u00e9 \u00e0 L\u00e2ayoune, sous le th\u00e8me \u00ab\u00a0Leadership des femmes et autonomisation \u00e9conomique\u00a0\u00bb, a cl\u00f4tur\u00e9, ce jeudi, ses travaux par un appel pour la cr\u00e9ation d&rsquo;une plate-forme de commercialisation num\u00e9rique des produits sahraouis.Initi\u00e9e par le Forum des femmes sahraouies pour le D\u00e9veloppement et la D\u00e9mocratie, cette rencontre [&hellip;]<\/p>\n","protected":false},"author":1965,"featured_media":0,"comment_status":"closed","ping_status":"closed","sticky":false,"template":"","format":"standard","meta":{"fifu_image_url":"https:\/\/www.journalducameroun.com\/wp-content\/uploads\/2022\/03\/16481422834149.jpg","fifu_image_alt":"Maroc : Appel \u00e0 la cr\u00e9ation d\u2019une plate-forme de commercialisation num\u00e9rique des produits sahraouis","footnotes":""},"categories":[73,82],"tags":[],"class_list":["post-143902","post","type-post","status-publish","format-standard","hentry","category-actualite","category-cameroun"],"_links":{"self":[{"href":"https:\/\/linitiative.ca\/International\/wp-json\/wp\/v2\/posts\/143902","targetHints":{"allow":["GET"]}}],"collection":[{"href":"https:\/\/linitiative.ca\/International\/wp-json\/wp\/v2\/posts"}],"about":[{"href":"https:\/\/linitiative.ca\/International\/wp-json\/wp\/v2\/types\/post"}],"author":[{"embeddable":true,"href":"https:\/\/linitiative.ca\/International\/wp-json\/wp\/v2\/users\/1965"}],"replies":[{"embeddable":true,"href":"https:\/\/linitiative.ca\/International\/wp-json\/wp\/v2\/comments?post=143902"}],"version-history":[{"count":0,"href":"https:\/\/linitiative.ca\/International\/wp-json\/wp\/v2\/posts\/143902\/revisions"}],"wp:attachment":[{"href":"https:\/\/linitiative.ca\/International\/wp-json\/wp\/v2\/media?parent=143902"}],"wp:term":[{"taxonomy":"category","embeddable":true,"href":"https:\/\/linitiative.ca\/International\/wp-json\/wp\/v2\/categories?post=143902"},{"taxonomy":"post_tag","embeddable":true,"href":"https:\/\/linitiative.ca\/International\/wp-json\/wp\/v2\/tags?post=143902"}],"curies":[{"name":"wp","href":"https:\/\/api.w.org\/{rel}","templated":true}]}}