{"id":143906,"date":"2022-03-24T15:18:04","date_gmt":"2022-03-24T19:18:04","guid":{"rendered":"https:\/\/linitiative.ca\/International\/maneouvres-militaires-franco-marocaines-pres-de-lalgerie\/"},"modified":"2022-03-24T15:18:04","modified_gmt":"2022-03-24T19:18:04","slug":"maneouvres-militaires-franco-marocaines-pres-de-lalgerie","status":"publish","type":"post","link":"https:\/\/linitiative.ca\/International\/maneouvres-militaires-franco-marocaines-pres-de-lalgerie\/","title":{"rendered":"Maneouvres militaires franco-marocaines pr\u00e8s de l\u2019Alg\u00e9rie."},"content":{"rendered":"<div>\n<p><img decoding=\"async\" width=\"275\" height=\"183\" src=\"https:\/\/linitiative.ca\/International\/wp-content\/uploads\/sites\/23\/2022\/03\/16481494841153.jpg\" class=\"attachment-post-thumbnail size-post-thumbnail wp-post-image\" alt=\"\" loading=\"lazy\"><\/p>\n<p>L&rsquo;exercice pourrait ne pas \u00eatre appr\u00e9ci\u00e9 \u00e0 Alger.Les Forces arm\u00e9es royales marocaine (FAR) et l&rsquo;arm\u00e9e fran\u00e7aise effectuent depuis le 1er mars\u00a0des manoeuvres interarm\u00e9es dans la r\u00e9gion d&rsquo;Errachidia (Sud-Est) pr\u00e8s de la fronti\u00e8re alg\u00e9rienne, dans le cadre de l&rsquo;exercice \u00ab Chergui 2022 \u00bb.\u00ab Cet exercice interarm\u00e9es est men\u00e9 dans le cadre des missions de d\u00e9fense de l&rsquo;int\u00e9grit\u00e9 territoriale visant \u00e0 consolider les capacit\u00e9s de planification et le d\u00e9veloppement de l&rsquo;interop\u00e9rabilit\u00e9 technique et op\u00e9rationnelle entre des moyens a\u00e9roterrestres relevant des FAR et de l&rsquo;arm\u00e9e fran\u00e7aise \u00bb. Il doit prendre fin demain vendredi 25 mars 2022.<\/p>\n<p>Les man\u0153uvres \u00e9taient pr\u00e9vue de longue date puisque \u00ab les travaux de planification de cet exercice ont \u00e9t\u00e9 conjointement men\u00e9s entre les responsables militaires des deux pays, en France et au Maroc, depuis septembre dernier \u00bb, indique un communiqu\u00e9 de l&rsquo;Etat-major g\u00e9n\u00e9ral des FAR.<\/p>\n<p>\u00ab Chergui 2022 \u00bb a d\u00e9but\u00e9 par des entra\u00eenements techniques et de reconnaissance du terrain men\u00e9s par des pilotes militaires fran\u00e7ais et marocains. La quatri\u00e8me brigade d&rsquo;a\u00e9rocombat (4\u1d49 BAC) de Clermond-Ferrand, qui comprend plus d&rsquo;une centaine de militaires de diff\u00e9rents r\u00e9giments d&rsquo;h\u00e9licopt\u00e8res de combat participe \u00e0 cet exercice.<\/p>\n<p>Selon l&rsquo;expert marocain dans les affaires militaires, Mohamed Chakir, \u00ab il s&rsquo;agit du premier exercice du genre apr\u00e8s la mise en place le 5 janvier 2022 au niveau des FAR de la nouvelle zone militaire Est, dont fait partie la r\u00e9gion d&rsquo;Errachidia, o\u00f9 se d\u00e9roulent les man\u0153uvres \u00bb, ajoutant que \u00ab l&rsquo;op\u00e9ration qui s&rsquo;inscrit dans le cadre de la coop\u00e9ration militaire entre le Maroc et la France, consiste en des entra\u00eenements techniques et des exercices militaires pour renforcer l&rsquo;interop\u00e9rabilit\u00e9s des deux arm\u00e9es \u00bb.<\/p>\n<p>Dans une d\u00e9claration \u00e0 APA, l&rsquo;expert marocain a fait savoir que cet exercice \u00ab annuel \u00bb et \u00ab de routine \u00bb, comporte une dimension politique, notamment de la part de l&rsquo;Alg\u00e9rie qui le consid\u00e8re comme une \u00ab alliance franco-marocaine \u00bb dans un contexte marqu\u00e9 par une sorte d&rsquo;apathie dans les relations entre Alger et Paris.<\/p>\n<p>\u00ab Il se peut que le timing de ces man\u0153uvres militaires soit interpr\u00e9t\u00e9 de fa\u00e7on non positive eu \u00e9gard des succ\u00e8s diplomatique du Maroc dans la question du Sahara. Apr\u00e8s la reconnaissance de la souverainet\u00e9 marocaine sur \u00a0ce territoire et les d\u00e9clarations de plusieurs pays europ\u00e9ens en faveur de la solution propos\u00e9 par Rabat, l&rsquo;Espagne consid\u00e8re d\u00e9sormais la proposition marocaine d&rsquo;autonomie, pr\u00e9sent\u00e9e en 2007, comme la base la plus s\u00e9rieuse, r\u00e9aliste et cr\u00e9dible pour le r\u00e8glement de la question du Sahara \u00bb, a-t-il rappel\u00e9.<\/p>\n<p>Pour l&rsquo;Alg\u00e9rie, cet exercice interarm\u00e9, men\u00e9 dans le cadre des missions de d\u00e9fense de l&rsquo;int\u00e9grit\u00e9 territoriale, est un acte qui \u00ab menace sa s\u00e9curit\u00e9 \u00bb, a-t-il soulign\u00e9.<\/p>\n<p>Cet article <a rel=\"nofollow\" href=\"https:\/\/www.journalducameroun.com\/maneouvres-militaires-franco-marocaines-pres-de-lalgerie\/\">Maneouvres militaires franco-marocaines pr\u00e8s de l\u2019Alg\u00e9rie.<\/a> est apparu en premier sur <a rel=\"nofollow\" href=\"https:\/\/www.journalducameroun.com\/\">Journal du Cameroun<\/a>.<\/p>\n<\/div>\n<p>Auteur: APA News<br \/>\n<a href=\"https:\/\/www.journalducameroun.com\/maneouvres-militaires-franco-marocaines-pres-de-lalgerie\/\">Cliquez ici pour lire l&rsquo;article depuis sa source.<\/a><\/p>\n","protected":false},"excerpt":{"rendered":"<p>L&rsquo;exercice pourrait ne pas \u00eatre appr\u00e9ci\u00e9 \u00e0 Alger.Les Forces arm\u00e9es royales marocaine (FAR) et l&rsquo;arm\u00e9e fran\u00e7aise effectuent depuis le 1er mars\u00a0des manoeuvres interarm\u00e9es dans la r\u00e9gion d&rsquo;Errachidia (Sud-Est) pr\u00e8s de la fronti\u00e8re alg\u00e9rienne, dans le cadre de l&rsquo;exercice \u00ab Chergui 2022 \u00bb.\u00ab Cet exercice interarm\u00e9es est men\u00e9 dans le cadre des missions de d\u00e9fense de [&hellip;]<\/p>\n","protected":false},"author":1965,"featured_media":0,"comment_status":"closed","ping_status":"closed","sticky":false,"template":"","format":"standard","meta":{"fifu_image_url":"https:\/\/www.journalducameroun.com\/wp-content\/uploads\/2022\/03\/16481494841153.jpg","fifu_image_alt":"Maneouvres militaires franco-marocaines pr\u00e8s de l\u2019Alg\u00e9rie.","footnotes":""},"categories":[73,82],"tags":[],"class_list":["post-143906","post","type-post","status-publish","format-standard","hentry","category-actualite","category-cameroun"],"_links":{"self":[{"href":"https:\/\/linitiative.ca\/International\/wp-json\/wp\/v2\/posts\/143906","targetHints":{"allow":["GET"]}}],"collection":[{"href":"https:\/\/linitiative.ca\/International\/wp-json\/wp\/v2\/posts"}],"about":[{"href":"https:\/\/linitiative.ca\/International\/wp-json\/wp\/v2\/types\/post"}],"author":[{"embeddable":true,"href":"https:\/\/linitiative.ca\/International\/wp-json\/wp\/v2\/users\/1965"}],"replies":[{"embeddable":true,"href":"https:\/\/linitiative.ca\/International\/wp-json\/wp\/v2\/comments?post=143906"}],"version-history":[{"count":0,"href":"https:\/\/linitiative.ca\/International\/wp-json\/wp\/v2\/posts\/143906\/revisions"}],"wp:attachment":[{"href":"https:\/\/linitiative.ca\/International\/wp-json\/wp\/v2\/media?parent=143906"}],"wp:term":[{"taxonomy":"category","embeddable":true,"href":"https:\/\/linitiative.ca\/International\/wp-json\/wp\/v2\/categories?post=143906"},{"taxonomy":"post_tag","embeddable":true,"href":"https:\/\/linitiative.ca\/International\/wp-json\/wp\/v2\/tags?post=143906"}],"curies":[{"name":"wp","href":"https:\/\/api.w.org\/{rel}","templated":true}]}}