{"id":143908,"date":"2022-03-24T17:15:20","date_gmt":"2022-03-24T21:15:20","guid":{"rendered":"https:\/\/linitiative.ca\/International\/cameroun-la-premiere-edition-du-festival-du-peuple-dibom-se-prepare\/"},"modified":"2022-03-24T17:15:20","modified_gmt":"2022-03-24T21:15:20","slug":"cameroun-la-premiere-edition-du-festival-du-peuple-dibom-se-prepare","status":"publish","type":"post","link":"https:\/\/linitiative.ca\/International\/cameroun-la-premiere-edition-du-festival-du-peuple-dibom-se-prepare\/","title":{"rendered":"Cameroun : la premi\u00e8re \u00e9dition du festival du peuple Dibom se pr\u00e9pare"},"content":{"rendered":"<div>\n<p><img decoding=\"async\" width=\"1080\" height=\"718\" src=\"https:\/\/linitiative.ca\/International\/wp-content\/uploads\/sites\/23\/2022\/03\/Les-membres-de-lADIM.jpg\" class=\"attachment-post-thumbnail size-post-thumbnail wp-post-image\" alt=\"\" loading=\"lazy\" srcset=\"https:\/\/linitiative.ca\/International\/wp-content\/uploads\/sites\/23\/2022\/03\/Les-membres-de-lADIM.jpg 1080w, https:\/\/www.journalducameroun.com\/wp-content\/uploads\/2022\/03\/Les-membres-de-lADIM-300x199.jpg 300w, https:\/\/www.journalducameroun.com\/wp-content\/uploads\/2022\/03\/Les-membres-de-lADIM-1024x681.jpg 1024w, https:\/\/www.journalducameroun.com\/wp-content\/uploads\/2022\/03\/Les-membres-de-lADIM-768x511.jpg 768w, https:\/\/www.journalducameroun.com\/wp-content\/uploads\/2022\/03\/Les-membres-de-lADIM-662x440.jpg 662w, https:\/\/www.journalducameroun.com\/wp-content\/uploads\/2022\/03\/Les-membres-de-lADIM-600x399.jpg 600w\" sizes=\"auto, (max-width: 1080px) 100vw, 1080px\"><\/p>\n<h2 style=\"text-align: justify;\"><strong>La distribution du mat\u00e9riel agricole sera l\u2019un des points d\u2019ancrages des c\u00e9r\u00e9monies \u00e0 Ndotto Kwakwack, le samedi 30 avril 2022.\u00a0<\/strong><\/h2>\n<p style=\"text-align: justify;\">La premi\u00e8re \u00e9dition du festival du peuple dibom (di\u0253\u00f3m en orthographe des langues africaines), baptis\u00e9 Ngan dibom, se tiendra du 1<sup>er<\/sup> au 3 avril 2022 \u00e0 Bangop\u00e9 dans le canton dibom (arrondissement du Nord-Makomb\u00e8, d\u00e9partement du Nkam, r\u00e9gion du Littoral au Cameroun) n\u2019a pas encore fini d\u2019enchanter les populations. Samedi 30 avril 2022 sera donc l\u2019apoth\u00e9ose \u00e0 l\u2019occasion de la c\u00e9r\u00e9monie de distribution du mat\u00e9riel agricole, \u00e0 Ndotto Kwakwack.<\/p>\n<p style=\"text-align: justify;\">D\u2019une valeur de 2 millions de FCfa en tron\u00e7onneuse (01),\u00a0 machettes (100), houes (100), limes (100), pousse-pousse (03), pulv\u00e9risateurs (28), bottes (50) et gants (56), ce don est gracieusement offert par la soci\u00e9t\u00e9 Addax Petroleum, objet de sa r\u00e9ponse \u00e0 la lettre de partenariat que lui avait adress\u00e9e l\u2019Association des Dibom du Monde (ADIM), dont le pr\u00e9sident est Fr\u00e9d\u00e9ric Soko, dans le cadre de la premi\u00e8re \u00e9dition du festival Ngan Dibom.<\/p>\n<p style=\"text-align: justify;\"><strong>Ngan dibom 2023<\/strong><\/p>\n<p style=\"text-align: justify;\">Au total, 438 outils agricoles seront distribu\u00e9s aux populations des 19 villages que compte le canton dibom, au cours d\u2019une c\u00e9r\u00e9monie festive en pr\u00e9sence du repr\u00e9sentant du partenaire Addax Petroleum. Ce sera une c\u00e9r\u00e9monie rehauss\u00e9e avec des allocutions du chef canton SM Kollo Mbang Jean Mirabeau\u00a0; du chef du village de Ndotto Kwakwack, SM Piya Albert\u00a0; du vice-pr\u00e9sident de l\u2019ADIM, Dieunedort Hen Bika, repr\u00e9sentant le pr\u00e9sident emp\u00each\u00e9\u00a0; des pr\u00e9sidents des comit\u00e9s techniques d\u2019organisation sortant et entrant du festival Ngan Dibom, entre autres.<\/p>\n<p style=\"text-align: justify;\">La c\u00e9r\u00e9monie de distribution du mat\u00e9riel agricole sera coupl\u00e9e au lancement de la deuxi\u00e8me \u00e9dition du festival Ngan dibom pr\u00e9vue \u00e0 Ndotto Kwakwack en avril 2023. Le festival Ngan dibom est un \u00e9v\u00e9nement de l\u2019Association des Dibom du Monde (ADIM), laquelle association a re\u00e7u l\u2019Attestation de promoteur culturel d\u00e9livr\u00e9e par le minist\u00e8re camerounais des Arts et de la culture, Pierre Isma\u00ebl Bidoung Mkpatt, en avril 2021.<\/p>\n<p>\u00a0<\/p>\n<p>Cet article <a rel=\"nofollow\" href=\"https:\/\/www.journalducameroun.com\/cameroun-la-premiere-edition-du-festival-du-peuple-dibom-se-prepare\/\">Cameroun : la premi\u00e8re \u00e9dition du festival du peuple Dibom se pr\u00e9pare<\/a> est apparu en premier sur <a rel=\"nofollow\" href=\"https:\/\/www.journalducameroun.com\/\">Journal du Cameroun<\/a>.<\/p>\n<\/div>\n<p>Auteur: Emile Zola Nd\u00e9 Tchoussi<br \/>\n<a href=\"https:\/\/www.journalducameroun.com\/cameroun-la-premiere-edition-du-festival-du-peuple-dibom-se-prepare\/\">Cliquez ici pour lire l&rsquo;article depuis sa source.<\/a><\/p>\n","protected":false},"excerpt":{"rendered":"<p>La distribution du mat\u00e9riel agricole sera l\u2019un des points d\u2019ancrages des c\u00e9r\u00e9monies \u00e0 Ndotto Kwakwack, le samedi 30 avril 2022.\u00a0 La premi\u00e8re \u00e9dition du festival du peuple dibom (di\u0253\u00f3m en orthographe des langues africaines), baptis\u00e9 Ngan dibom, se tiendra du 1er au 3 avril 2022 \u00e0 Bangop\u00e9 dans le canton dibom (arrondissement du Nord-Makomb\u00e8, d\u00e9partement [&hellip;]<\/p>\n","protected":false},"author":1965,"featured_media":0,"comment_status":"closed","ping_status":"closed","sticky":false,"template":"","format":"standard","meta":{"fifu_image_url":"https:\/\/www.journalducameroun.com\/wp-content\/uploads\/2022\/03\/Les-membres-de-lADIM.jpg","fifu_image_alt":"Cameroun : la premi\u00e8re \u00e9dition du festival du peuple Dibom se pr\u00e9pare","footnotes":""},"categories":[73,82],"tags":[],"class_list":["post-143908","post","type-post","status-publish","format-standard","hentry","category-actualite","category-cameroun"],"_links":{"self":[{"href":"https:\/\/linitiative.ca\/International\/wp-json\/wp\/v2\/posts\/143908","targetHints":{"allow":["GET"]}}],"collection":[{"href":"https:\/\/linitiative.ca\/International\/wp-json\/wp\/v2\/posts"}],"about":[{"href":"https:\/\/linitiative.ca\/International\/wp-json\/wp\/v2\/types\/post"}],"author":[{"embeddable":true,"href":"https:\/\/linitiative.ca\/International\/wp-json\/wp\/v2\/users\/1965"}],"replies":[{"embeddable":true,"href":"https:\/\/linitiative.ca\/International\/wp-json\/wp\/v2\/comments?post=143908"}],"version-history":[{"count":0,"href":"https:\/\/linitiative.ca\/International\/wp-json\/wp\/v2\/posts\/143908\/revisions"}],"wp:attachment":[{"href":"https:\/\/linitiative.ca\/International\/wp-json\/wp\/v2\/media?parent=143908"}],"wp:term":[{"taxonomy":"category","embeddable":true,"href":"https:\/\/linitiative.ca\/International\/wp-json\/wp\/v2\/categories?post=143908"},{"taxonomy":"post_tag","embeddable":true,"href":"https:\/\/linitiative.ca\/International\/wp-json\/wp\/v2\/tags?post=143908"}],"curies":[{"name":"wp","href":"https:\/\/api.w.org\/{rel}","templated":true}]}}