{"id":143910,"date":"2022-03-24T11:38:56","date_gmt":"2022-03-24T15:38:56","guid":{"rendered":"https:\/\/linitiative.ca\/International\/le-cameroun-veut-adherer-a-lorganisation-de-la-cooperation-islamique-pour-booster-sa-production-du-ble-mais-et-manioc\/"},"modified":"2022-03-24T11:38:56","modified_gmt":"2022-03-24T15:38:56","slug":"le-cameroun-veut-adherer-a-lorganisation-de-la-cooperation-islamique-pour-booster-sa-production-du-ble-mais-et-manioc","status":"publish","type":"post","link":"https:\/\/linitiative.ca\/International\/le-cameroun-veut-adherer-a-lorganisation-de-la-cooperation-islamique-pour-booster-sa-production-du-ble-mais-et-manioc\/","title":{"rendered":"Le Cameroun veut adh\u00e9rer \u00e0 l\u2019organisation de la coop\u00e9ration islamique pour booster sa production du bl\u00e9, ma\u00efs et manioc"},"content":{"rendered":"<div>\n<p>Le prix de la baquette de pain a connu une hausse dans les boulangeries. Il est pass\u00e9 de 125 fcfa \u00e0 150 fcfa voire plus dans certaines zones. Cette inflation est caus\u00e9e entre autres par la crise Russo-ukrainienne car en 2020, le Cameroun a import\u00e9 860\u00a0000 tonnes de bl\u00e9 de la Russie, du Canada, de la France, et des Etats-Unis selon une \u00e9tude rendue publique en ao\u00fbt 2021 par le Bureau de mise \u00e0 niveau des entreprises (BMN) camerounaise pour 150 milliards.Ce conflit a un impact consid\u00e9rable sur les prix de certaines denr\u00e9es alimentaires.<\/p>\n<p><strong>Lire aussi : <a href=\"https:\/\/ecomatin.net\/crise-russo-ukrainienne-les-meuniers-nexcluent-pas-une-nouvelle-hausse-du-prix-du-pain-au-cameroun\/\">Crise russo-ukrainienne\u00a0: les meuniers n\u2019excluent pas une nouvelle hausse du prix du pain au Cameroun<\/a><\/strong><\/p>\n<p>En tant que grenier de la Sous-r\u00e9gion Afrique Centrale, le Cameroun n\u2019est pas \u00e0 l\u2019abri. Le ministre de l\u2019Agriculture et du d\u00e9veloppement rural, Gabriel Mbairobe, a d\u00e9fendu hier, 23 mars 2022, devant la commission des affaires \u00e9trang\u00e8res de l\u2019Assembl\u00e9e nationale, le projet de loi autorisant le Pr\u00e9sident de la R\u00e9publique \u00e0 ratifier le statut de l\u2019organisation de la coop\u00e9ration islamique (Oci) pour la s\u00e9curit\u00e9 alimentaire (Oisa), adopt\u00e9 par la 4<sup>\u00e8me<\/sup>\u00a0session du Conseil des ministres des Affaires \u00e9trang\u00e8res.<\/p>\n<p><strong>Lire aussi : <a href=\"https:\/\/ecomatin.net\/farine-de-ble-le-gouvernement-autorise-le-prix-de-la-baguette-de-pain-de-200-grammes-s-a-150-fcfa\/\">Farine de bl\u00e9\u00a0: le gouvernement autorise la hausse du prix du pain \u00e0 150F<\/a><\/strong><\/p>\n<p>Sp\u00e9cialis\u00e9e dans l\u2019agriculture, la protection de l\u2019environnement, d\u00e9sertification, d\u00e9forestation, salinit\u00e9 des eaux, l\u2019Oisa est une institution l\u2019OCI. Elle a des programmes de d\u00e9veloppement qui peuvent int\u00e9resser le Cameroun notamment du riz, du bl\u00e9, du ma\u00efs et le manioc. Cette ratification permettra au Cameroun de b\u00e9n\u00e9ficier, selon le membre du gouvernement, des financements pour d\u00e9velopper un certain nombre de programmes de production dans les fili\u00e8res cit\u00e9es plus haut. \u00ab Elle permettra au\u00a0Cameroun de renforcer sa position de grenier agricole de l\u2019Afrique centrale. Le Cameroun a \u00e9t\u00e9 retenu comme l\u2019un des cinq centres d\u2019excellence de recherche \u00e0 travers l\u2019IRAD. Nous avons \u00e9t\u00e9 retenus comme centre de constitution de recherche alimentaire pour la zone CEEAC. Le conseil d\u2019administration a retenu le Cameroun pour abriter le bureau sous r\u00e9gional. Je crois que cette ratification s\u2019impose de soi-m\u00eame\u00a0\u00bb, s\u2019est r\u00e9joui le ministre de l\u2019Agriculture et du d\u00e9veloppement rural, Gabriel Mbairobe.<\/p>\n<p><strong>Ren\u00e9 Ombala<\/strong><\/p>\n<p>L\u2019article <a rel=\"nofollow\" href=\"https:\/\/ecomatin.net\/le-cameroun-veut-adherer-lorganisation-de-la-cooperation-n-islamique-pour-booster-sa-production-du-ble-mais-et-manioc\/\">Le Cameroun veut adh\u00e9rer \u00e0 l\u2019organisation de la coop\u00e9ration islamique pour booster sa production du bl\u00e9, ma\u00efs et manioc<\/a> est apparu en premier sur <a rel=\"nofollow\" href=\"https:\/\/ecomatin.net\/\">EcoMatin<\/a>.<\/p>\n<\/div>\n<p>Auteur: EcoMatin<br \/>\n<a href=\"https:\/\/ecomatin.net\/le-cameroun-veut-adherer-lorganisation-de-la-cooperation-n-islamique-pour-booster-sa-production-du-ble-mais-et-manioc\/\">Cliquez ici pour lire l&rsquo;article depuis sa source.<\/a><\/p>\n","protected":false},"excerpt":{"rendered":"<p>Le prix de la baquette de pain a connu une hausse dans les boulangeries. Il est pass\u00e9 de 125 fcfa \u00e0 150 fcfa voire plus dans certaines zones. Cette inflation est caus\u00e9e entre autres par la crise Russo-ukrainienne car en 2020, le Cameroun a import\u00e9 860\u00a0000 tonnes de bl\u00e9 de la Russie, du Canada, de [&hellip;]<\/p>\n","protected":false},"author":1969,"featured_media":0,"comment_status":"closed","ping_status":"closed","sticky":false,"template":"","format":"standard","meta":{"fifu_image_url":"","fifu_image_alt":"","footnotes":""},"categories":[82,78],"tags":[],"class_list":["post-143910","post","type-post","status-publish","format-standard","hentry","category-cameroun","category-economie"],"_links":{"self":[{"href":"https:\/\/linitiative.ca\/International\/wp-json\/wp\/v2\/posts\/143910","targetHints":{"allow":["GET"]}}],"collection":[{"href":"https:\/\/linitiative.ca\/International\/wp-json\/wp\/v2\/posts"}],"about":[{"href":"https:\/\/linitiative.ca\/International\/wp-json\/wp\/v2\/types\/post"}],"author":[{"embeddable":true,"href":"https:\/\/linitiative.ca\/International\/wp-json\/wp\/v2\/users\/1969"}],"replies":[{"embeddable":true,"href":"https:\/\/linitiative.ca\/International\/wp-json\/wp\/v2\/comments?post=143910"}],"version-history":[{"count":0,"href":"https:\/\/linitiative.ca\/International\/wp-json\/wp\/v2\/posts\/143910\/revisions"}],"wp:attachment":[{"href":"https:\/\/linitiative.ca\/International\/wp-json\/wp\/v2\/media?parent=143910"}],"wp:term":[{"taxonomy":"category","embeddable":true,"href":"https:\/\/linitiative.ca\/International\/wp-json\/wp\/v2\/categories?post=143910"},{"taxonomy":"post_tag","embeddable":true,"href":"https:\/\/linitiative.ca\/International\/wp-json\/wp\/v2\/tags?post=143910"}],"curies":[{"name":"wp","href":"https:\/\/api.w.org\/{rel}","templated":true}]}}