{"id":143911,"date":"2022-03-24T11:47:56","date_gmt":"2022-03-24T15:47:56","guid":{"rendered":"https:\/\/linitiative.ca\/International\/le-parlement-examine-un-projet-de-loi-visant-a-doter-le-monde-rural-dune-assurance-risque\/"},"modified":"2022-03-24T11:47:56","modified_gmt":"2022-03-24T15:47:56","slug":"le-parlement-examine-un-projet-de-loi-visant-a-doter-le-monde-rural-dune-assurance-risque","status":"publish","type":"post","link":"https:\/\/linitiative.ca\/International\/le-parlement-examine-un-projet-de-loi-visant-a-doter-le-monde-rural-dune-assurance-risque\/","title":{"rendered":"Le parlement examine un projet de loi \u00a0visant \u00e0 doter le monde rural d\u2019une assurance risque"},"content":{"rendered":"<div>\n<p>e monde rural bient\u00f4t assur\u00e9. C\u2019est la quintessence du projet de loi d\u00e9fendu hier, 23 mars 2020 par le ministre des Finances, Louis Paul Motaze, devant la commission des affaires \u00e9trang\u00e8res de l\u2019Assembl\u00e9e nationale du Cameroun.Ce texte autorisant le pr\u00e9sident de la r\u00e9publique \u00e0 proc\u00e9der \u00e0 l\u2019adh\u00e9sion du Cameroun \u00e0 l\u2019accord portant cr\u00e9ation de l\u2019institution de la mutuelle panafricaine de gestion des risques (ARC), est innovateur en ce sens qu\u2019il est tourn\u00e9 exclusivement vers les zones rurales.<\/p>\n<p><strong>Lire aussi : <a href=\"https:\/\/ecomatin.net\/le-cameroun-veut-lorganisation-de-la-cooperation-n-islamique-pour-booster-sa-production-du-ble-mais-et-manioc\/\">Le Cameroun veut l\u2019organisation de la coop\u00e9ration islamique pour booster sa production du bl\u00e9, ma\u00efs et manioc<\/a><\/strong><\/p>\n<p>Cette mutuelle va essentiellement s\u2019occuper du monde rurale. Quelles sont les risques que nous voulons pr\u00e9venir\u00a0? A cette question, le ministre des Finances, Louis Paul Motaze, s\u2019est voulu clair. \u00ab\u00a0Nous savons que notre monde rural est souvent confront\u00e9 \u00e0 des catastrophes diverses\u00a0: inondation, d\u00e9forestation, s\u00e8cheresse, incendie\u2026 Ce sont des risques de la vie. Les entreprises priv\u00e9es ont souvent de la peine \u00e0 assurer ce genre de risque parce que ce sont des risques un peu compliqu\u00e9s\u00a0\u00bb. C\u2019est \u00e0 cause de ce manque qu\u2019a \u00e9t\u00e9 cr\u00e9\u00e9 en Afrique du Sud en 2012 l\u2019ARC pour couvrir ce type de risque. \u00ab\u00a0C\u2019est un syst\u00e8me assez complexe ou chaque Etat d\u00e9finit les risques qu\u2019il veut couvrir. Il y aura des discussions avec la mutuelle etc. Etant donn\u00e9 que nous sommes un pays \u00e0 vocation extr\u00eamement agricole, le chef de l\u2019Etat a donc d\u00e9cid\u00e9 qu\u2019on devrait adh\u00e9rer\u00a0\u00bb, a pr\u00e9cis\u00e9 le ministre.<\/p>\n<p><strong>Lire aussi : <a href=\"https:\/\/ecomatin.net\/patrimoine-routier-le-gouvernement-revoit-sa-strategie\/\">Patrimoine routier\u00a0: le gouvernement revoit sa strat\u00e9gie\u00a0<\/a><\/strong><\/p>\n<p>Certaines pr\u00e9cisions de cette loi pourront \u00eatre pr\u00e9sent\u00e9es au cours d\u2019une session ordinaire de l\u2019Assembl\u00e9e nationale consacr\u00e9e aux questions-r\u00e9ponses.<\/p>\n<p><strong>Ren\u00e9 Ombala<\/strong><\/p>\n<p>L\u2019article <a rel=\"nofollow\" href=\"https:\/\/ecomatin.net\/le-parlement-examine-un-projet-de-loi-visant-t-a-doter-le-monde-rural-dune-assurance-risque\/\">Le parlement examine un projet de loi \u00a0visant \u00e0 doter le monde rural d\u2019une assurance risque<\/a> est apparu en premier sur <a rel=\"nofollow\" href=\"https:\/\/ecomatin.net\/\">EcoMatin<\/a>.<\/p>\n<\/div>\n<p>Auteur: EcoMatin<br \/>\n<a href=\"https:\/\/ecomatin.net\/le-parlement-examine-un-projet-de-loi-visant-t-a-doter-le-monde-rural-dune-assurance-risque\/\">Cliquez ici pour lire l&rsquo;article depuis sa source.<\/a><\/p>\n","protected":false},"excerpt":{"rendered":"<p>e monde rural bient\u00f4t assur\u00e9. C\u2019est la quintessence du projet de loi d\u00e9fendu hier, 23 mars 2020 par le ministre des Finances, Louis Paul Motaze, devant la commission des affaires \u00e9trang\u00e8res de l\u2019Assembl\u00e9e nationale du Cameroun.Ce texte autorisant le pr\u00e9sident de la r\u00e9publique \u00e0 proc\u00e9der \u00e0 l\u2019adh\u00e9sion du Cameroun \u00e0 l\u2019accord portant cr\u00e9ation de l\u2019institution [&hellip;]<\/p>\n","protected":false},"author":1969,"featured_media":0,"comment_status":"closed","ping_status":"closed","sticky":false,"template":"","format":"standard","meta":{"fifu_image_url":"","fifu_image_alt":"","footnotes":""},"categories":[82,78],"tags":[],"class_list":["post-143911","post","type-post","status-publish","format-standard","hentry","category-cameroun","category-economie"],"_links":{"self":[{"href":"https:\/\/linitiative.ca\/International\/wp-json\/wp\/v2\/posts\/143911","targetHints":{"allow":["GET"]}}],"collection":[{"href":"https:\/\/linitiative.ca\/International\/wp-json\/wp\/v2\/posts"}],"about":[{"href":"https:\/\/linitiative.ca\/International\/wp-json\/wp\/v2\/types\/post"}],"author":[{"embeddable":true,"href":"https:\/\/linitiative.ca\/International\/wp-json\/wp\/v2\/users\/1969"}],"replies":[{"embeddable":true,"href":"https:\/\/linitiative.ca\/International\/wp-json\/wp\/v2\/comments?post=143911"}],"version-history":[{"count":0,"href":"https:\/\/linitiative.ca\/International\/wp-json\/wp\/v2\/posts\/143911\/revisions"}],"wp:attachment":[{"href":"https:\/\/linitiative.ca\/International\/wp-json\/wp\/v2\/media?parent=143911"}],"wp:term":[{"taxonomy":"category","embeddable":true,"href":"https:\/\/linitiative.ca\/International\/wp-json\/wp\/v2\/categories?post=143911"},{"taxonomy":"post_tag","embeddable":true,"href":"https:\/\/linitiative.ca\/International\/wp-json\/wp\/v2\/tags?post=143911"}],"curies":[{"name":"wp","href":"https:\/\/api.w.org\/{rel}","templated":true}]}}