{"id":143913,"date":"2022-03-24T12:18:21","date_gmt":"2022-03-24T16:18:21","guid":{"rendered":"https:\/\/linitiative.ca\/International\/cemac-4-milliards-de-fcfa-pour-la-realisation-detudes-de-faisabilite-de-7-projets-integrateurs\/"},"modified":"2022-03-24T12:18:21","modified_gmt":"2022-03-24T16:18:21","slug":"cemac-4-milliards-de-fcfa-pour-la-realisation-detudes-de-faisabilite-de-7-projets-integrateurs","status":"publish","type":"post","link":"https:\/\/linitiative.ca\/International\/cemac-4-milliards-de-fcfa-pour-la-realisation-detudes-de-faisabilite-de-7-projets-integrateurs\/","title":{"rendered":"Cemac\u00a0: 4 milliards de Fcfa pour la r\u00e9alisation d\u2019\u00e9tudes de faisabilit\u00e9 de 7 projets int\u00e9grateurs"},"content":{"rendered":"<div>\n<p>La Communaut\u00e9 \u00e9conomique des Etats d\u2019Afrique centrale (Cemac), s\u2019est dot\u00e9e d\u2019un Programme \u00e9conomique r\u00e9gionale (PER), dont l\u2019objectif est de faire de la Cemac d\u2019ici 2025, un espace \u00e9conomique int\u00e9gr\u00e9, \u00e9mergent o\u00f9 r\u00e8gnent la s\u00e9curit\u00e9, la solidarit\u00e9 et la bonne gouvernance. Ce sont donc plus de 80 projets qui ont \u00e9t\u00e9 recens\u00e9s dans ce registre. A cet effet, le Pr\u00e9sident de la Commission Cemac, le Pr Daniel Ona Ondo, a proc\u00e9d\u00e9 le 17 mars 2022, \u00e0 la signature des march\u00e9s d\u2019\u00e9tudes de faisabilit\u00e9 de 7 projets d\u2019infrastructures dans la sous- r\u00e9gion, qui s\u2019inscrivent dans le PER. D\u2019une enveloppe de 3,847 milliards de Fcfa, lesdits projets ont re\u00e7u l\u2019approbation du Conseil des ministres de l\u2019Union \u00e9conomique d\u2019Afrique centrale (Ueac), le 28 f\u00e9vrier dernier. Ils seront financ\u00e9s par le Fonds de d\u00e9veloppement communautaire (Fodec) et l\u2019aide budg\u00e9taire globale (ABG) de la coop\u00e9ration fran\u00e7aise.<\/p>\n<p><strong>Lire aussi : <a href=\"https:\/\/ecomatin.net\/cemac-2-projets-integrateurs-sur-12-lances\/\" target=\"_blank\" rel=\"noreferrer noopener\">Cemac : 2 projets int\u00e9grateurs sur 12 lanc\u00e9s<\/a><\/strong><\/p>\n<p>Il s\u2019agit donc de fa\u00e7on pr\u00e9cise des projets : d\u2019\u00e9tude d\u2019am\u00e9nagement et de bitumage de la section de route Boss\u00e9mb\u00e9l\u00e9-Baoro (longue de 236 km); d\u2019\u00e9tude de construction d\u2019un port fluvial assorti d\u2019une plateforme douani\u00e8re \u00e0 Mongoumba (RDC) ; d\u2019\u00e9tudes d\u2019am\u00e9nagement et de bitumage de la section Mbaiki-Boda-Yalok\u00e9 (226,8km) ; la r\u00e9alisation des \u00e9tudes pour l\u2019actualisation et l\u2019ach\u00e8vement des travaux de construction du Poste de contr\u00f4le unique \u00e0 la fronti\u00e8re (Pcuf) entre le Cameroun et le Tchad \u00e0 Kout\u00e9r\u00e9 ; l\u2019\u00e9laboration de la situation de r\u00e9f\u00e9rence et r\u00e9diger le document du programme de d\u00e9veloppement int\u00e9gr\u00e9 de la zone de trois fronti\u00e8res (Cameroun-Gabon-Guin\u00e9e- Equatoriale) ; la r\u00e9alisation des \u00e9tudes construction d\u2019un port sec communautaire \u00e0\u00a0\u00a0Ebibeyin (Guin\u00e9e Equatoriale) et l\u2019\u00e9laboration des \u00e9tudes de faisabilit\u00e9 de l\u2019approvisionnement en \u00e9nergie \u00e9lectrique, htb, dans le r\u00e9seau interconnect\u00e9 Nord du Gabon (provinces du Woleu-Ntem et de l\u2019Ogooue Ivindo) \u00e0 partir des sources de g\u00e9n\u00e9ration d\u2019\u00e9nergie \u00e9lectrique de la Guin\u00e9e \u00e9quatoriale.<\/p>\n<p><strong>Lire aussi : <a href=\"https:\/\/ecomatin.net\/projets-integrateurs-de-la-cemac-les-partenaires-sont-connus\/\" target=\"_blank\" rel=\"noreferrer noopener\">Projets int\u00e9grateurs de la Cemac : les partenaires sont connus<\/a><\/strong><\/p>\n<p>Il convient de rappeler que les \u00e9tudes pr\u00e9alables de ces projets avaient d\u00e9j\u00e0 \u00e9t\u00e9 r\u00e9alis\u00e9es en 2018.<\/p>\n<p>L\u2019article <a rel=\"nofollow\" href=\"https:\/\/ecomatin.net\/cemac-4-milliards-de-fcfa-pour-la-realisation-n-detudes-s-de-faisabilite-de-7-projets-integrateurs\/\">Cemac\u00a0: 4 milliards de Fcfa pour la r\u00e9alisation d\u2019\u00e9tudes de faisabilit\u00e9 de 7 projets int\u00e9grateurs<\/a> est apparu en premier sur <a rel=\"nofollow\" href=\"https:\/\/ecomatin.net\/\">EcoMatin<\/a>.<\/p>\n<\/div>\n<p>Auteur: Cindy MBALA<br \/>\n<a href=\"https:\/\/ecomatin.net\/cemac-4-milliards-de-fcfa-pour-la-realisation-n-detudes-s-de-faisabilite-de-7-projets-integrateurs\/\">Cliquez ici pour lire l&rsquo;article depuis sa source.<\/a><\/p>\n","protected":false},"excerpt":{"rendered":"<p>La Communaut\u00e9 \u00e9conomique des Etats d\u2019Afrique centrale (Cemac), s\u2019est dot\u00e9e d\u2019un Programme \u00e9conomique r\u00e9gionale (PER), dont l\u2019objectif est de faire de la Cemac d\u2019ici 2025, un espace \u00e9conomique int\u00e9gr\u00e9, \u00e9mergent o\u00f9 r\u00e8gnent la s\u00e9curit\u00e9, la solidarit\u00e9 et la bonne gouvernance. Ce sont donc plus de 80 projets qui ont \u00e9t\u00e9 recens\u00e9s dans ce registre. A [&hellip;]<\/p>\n","protected":false},"author":1969,"featured_media":0,"comment_status":"closed","ping_status":"closed","sticky":false,"template":"","format":"standard","meta":{"fifu_image_url":"","fifu_image_alt":"","footnotes":""},"categories":[82,78],"tags":[],"class_list":["post-143913","post","type-post","status-publish","format-standard","hentry","category-cameroun","category-economie"],"_links":{"self":[{"href":"https:\/\/linitiative.ca\/International\/wp-json\/wp\/v2\/posts\/143913","targetHints":{"allow":["GET"]}}],"collection":[{"href":"https:\/\/linitiative.ca\/International\/wp-json\/wp\/v2\/posts"}],"about":[{"href":"https:\/\/linitiative.ca\/International\/wp-json\/wp\/v2\/types\/post"}],"author":[{"embeddable":true,"href":"https:\/\/linitiative.ca\/International\/wp-json\/wp\/v2\/users\/1969"}],"replies":[{"embeddable":true,"href":"https:\/\/linitiative.ca\/International\/wp-json\/wp\/v2\/comments?post=143913"}],"version-history":[{"count":0,"href":"https:\/\/linitiative.ca\/International\/wp-json\/wp\/v2\/posts\/143913\/revisions"}],"wp:attachment":[{"href":"https:\/\/linitiative.ca\/International\/wp-json\/wp\/v2\/media?parent=143913"}],"wp:term":[{"taxonomy":"category","embeddable":true,"href":"https:\/\/linitiative.ca\/International\/wp-json\/wp\/v2\/categories?post=143913"},{"taxonomy":"post_tag","embeddable":true,"href":"https:\/\/linitiative.ca\/International\/wp-json\/wp\/v2\/tags?post=143913"}],"curies":[{"name":"wp","href":"https:\/\/api.w.org\/{rel}","templated":true}]}}