{"id":143914,"date":"2022-03-24T12:32:46","date_gmt":"2022-03-24T16:32:46","guid":{"rendered":"https:\/\/linitiative.ca\/International\/la-commune-de-douala-5eme-veut-construire-134-logements-pour-les-motos-taximen\/"},"modified":"2022-03-24T12:32:46","modified_gmt":"2022-03-24T16:32:46","slug":"la-commune-de-douala-5eme-veut-construire-134-logements-pour-les-motos-taximen","status":"publish","type":"post","link":"https:\/\/linitiative.ca\/International\/la-commune-de-douala-5eme-veut-construire-134-logements-pour-les-motos-taximen\/","title":{"rendered":"La commune de Douala 5\u00e8me veut construire 134 logements pour les motos-taximen"},"content":{"rendered":"<div>\n<p>Avec l\u2019appui de ces deux organismes, la commune d\u2019arrondissement de Douala 5\u00e8me veut faciliter l\u2019acc\u00e8s au logement aux conducteurs de moto-taximen de son ressort territorial. C\u2019est ainsi qu\u2019au cours du Forum urbain communal de cette collectivit\u00e9 territoriale d\u00e9centralis\u00e9e (CTD) dans la capitale \u00e9conomique du Cameroun du 18 au 19\u00a0mars 2022, la ministre de l\u2019Habitat et du D\u00e9veloppement urbain (Minhdu), C\u00e9lestine Ketcha Courtes, a pr\u00e9sent\u00e9 le projet\u00a0\u00ab\u2009un moto-taximan, une maison\u2009\u00bb<em>.<\/em>\u00a0L\u2019initiative prise par\u00a0l\u2019ex\u00e9cutif municipal de la commune de Douala 5\u00e8me rencontre le soutien conjoint de l\u2019organisation des Nations unies pour les questions d\u2019habitat (ONU Habitat) et le CFC, la banque de l\u2019habitat au Cameroun.<\/p>\n<p><strong>Lire aussi : <a href=\"https:\/\/ecomatin.net\/urbanisme-de-nouvelles-regles-de-construction-n-desormais-en-vigueur-a-douala\/\">Urbanisme : de nouvelles r\u00e8gles de construction d\u00e9sormais en vigueur \u00e0 Douala<\/a><\/strong><\/p>\n<p>Si le montant de l\u2019enveloppe allou\u00e9e \u00e0 ce projet n\u2019a pas \u00e9t\u00e9 d\u00e9voil\u00e9, la Minhdu renseigne sur\u00a0\u00ab\u2009la construction de 134\u00a0logements pilotes \u00e0 Douala\u00a0\u00bb. Mme Ketcha Court\u00e8s indique par ailleurs que \u00ab\u00a0si l\u2019on construit autant de logements dans chacune des 360\u00a0communes du pays, nous allons en avoir un \u00a0nombre important pour les couches vuln\u00e9rables, le tout sans difficult\u00e9 gr\u00e2ce au partenariat public-priv\u00e9 et populations\u2009\u00bb.<\/p>\n<p><strong>Lire aussi : <a href=\"https:\/\/ecomatin.net\/douala-44-milliards-pour-la-seconde-phase-du-projet-de-drainage-pluvial\/\">Douala : 4,4 milliards pour la seconde phase du projet de drainage pluvial\u00a0<\/a><\/strong><\/p>\n<p>Pour rappel, dans un article intitul\u00e9 \u00ab\u00a0Au Cameroun, dans la jungle des motos-taxis\u00a0\u00bb, paru dans le journal fran\u00e7ais Le Monde en f\u00e9vrier 2020,\u00a0\u00a0le coordonnateur national du Syndicat des conducteurs de moto-taxis et des tricycles, Hilaire Nzouakeu, r\u00e9v\u00e9lait qu\u2019\u00ab\u00a0aujourd\u2019hui \u00e0 Douala, 70\u00a0% du transport urbain est assur\u00e9 par les motos-taxis\u00bb. En effet, le paysage urbain de Douala est envahi depuis les ann\u00e9es 1990 par les motos-taxis (les chiffres officiels de 2016 \u00e9voquent 100 000, ndlr), un ph\u00e9nom\u00e8ne qui cr\u00e9e des probl\u00e8mes dans la m\u00e9tropole \u00e9conomique du Cameroun. Selon l\u2019article cit\u00e9 supra, \u00ab\u00a0\u00e0 Douala, sept accidents de la circulation sur dix sont caus\u00e9s par les \u00ab\u00a0bend-skinneurs\u00a0\u00bb,\u00a0ces jeunes chauffeurs sans le sou et, souvent, sans permis de conduire\u00a0\u00bb.<\/p>\n<p><strong>Lire aussi : <a href=\"https:\/\/ecomatin.net\/la-communaute-urbaine-de-douala-se-dote-dun-manuel-de-procedures\/\">La Communaut\u00e9 urbaine de Douala se dote d\u2019un manuel de proc\u00e9dures<\/a><\/strong><\/p>\n<p>Cependant, ils constituent une couche sociale importante dont il faut prendre en compte les desirata parce qu\u2019ils constituent \u00e9galement \u00ab\u00a0une bombe sociopolitique et un secteur vuln\u00e9rable vers lesquels les politiciens se tournent souvent pour amplifier leurs positions\u00a0\u00bb. C\u2019est certainement pour les canaliser en leur offrant des habitations d\u00e9centes que la commune de Douala 5\u00e8me a choisi de mener l\u2019op\u00e9ration pilote \u00ab\u00a0un moto-taximan, une maison\u00a0\u00bb.\u00a0 Cette initiative vient \u00e9galement contribuer \u00e0 la r\u00e9duction du d\u00e9ficit\u00a0de logements sociaux estim\u00e9, selon des chiffres officiels, \u00e0 2,5\u00a0millions au Cameroun.<\/p>\n<p>L\u2019article <a rel=\"nofollow\" href=\"https:\/\/ecomatin.net\/la-commune-de-douala-5eme-veut-construire-134-logements-pour-les-motos-taximen\/\">La commune de Douala 5\u00e8me veut construire 134 logements pour les motos-taximen<\/a> est apparu en premier sur <a rel=\"nofollow\" href=\"https:\/\/ecomatin.net\/\">EcoMatin<\/a>.<\/p>\n<\/div>\n<p>Auteur: Bernard Bangda<br \/>\n<a href=\"https:\/\/ecomatin.net\/la-commune-de-douala-5eme-veut-construire-134-logements-pour-les-motos-taximen\/\">Cliquez ici pour lire l&rsquo;article depuis sa source.<\/a><\/p>\n","protected":false},"excerpt":{"rendered":"<p>Avec l\u2019appui de ces deux organismes, la commune d\u2019arrondissement de Douala 5\u00e8me veut faciliter l\u2019acc\u00e8s au logement aux conducteurs de moto-taximen de son ressort territorial. C\u2019est ainsi qu\u2019au cours du Forum urbain communal de cette collectivit\u00e9 territoriale d\u00e9centralis\u00e9e (CTD) dans la capitale \u00e9conomique du Cameroun du 18 au 19\u00a0mars 2022, la ministre de l\u2019Habitat et [&hellip;]<\/p>\n","protected":false},"author":1969,"featured_media":0,"comment_status":"closed","ping_status":"closed","sticky":false,"template":"","format":"standard","meta":{"fifu_image_url":"","fifu_image_alt":"","footnotes":""},"categories":[82,78],"tags":[],"class_list":["post-143914","post","type-post","status-publish","format-standard","hentry","category-cameroun","category-economie"],"_links":{"self":[{"href":"https:\/\/linitiative.ca\/International\/wp-json\/wp\/v2\/posts\/143914","targetHints":{"allow":["GET"]}}],"collection":[{"href":"https:\/\/linitiative.ca\/International\/wp-json\/wp\/v2\/posts"}],"about":[{"href":"https:\/\/linitiative.ca\/International\/wp-json\/wp\/v2\/types\/post"}],"author":[{"embeddable":true,"href":"https:\/\/linitiative.ca\/International\/wp-json\/wp\/v2\/users\/1969"}],"replies":[{"embeddable":true,"href":"https:\/\/linitiative.ca\/International\/wp-json\/wp\/v2\/comments?post=143914"}],"version-history":[{"count":0,"href":"https:\/\/linitiative.ca\/International\/wp-json\/wp\/v2\/posts\/143914\/revisions"}],"wp:attachment":[{"href":"https:\/\/linitiative.ca\/International\/wp-json\/wp\/v2\/media?parent=143914"}],"wp:term":[{"taxonomy":"category","embeddable":true,"href":"https:\/\/linitiative.ca\/International\/wp-json\/wp\/v2\/categories?post=143914"},{"taxonomy":"post_tag","embeddable":true,"href":"https:\/\/linitiative.ca\/International\/wp-json\/wp\/v2\/tags?post=143914"}],"curies":[{"name":"wp","href":"https:\/\/api.w.org\/{rel}","templated":true}]}}