{"id":143915,"date":"2022-03-25T12:15:58","date_gmt":"2022-03-25T16:15:58","guid":{"rendered":"https:\/\/linitiative.ca\/International\/mobilisation-collective-pour-sauver-ksar-el-bhar\/"},"modified":"2022-03-25T12:15:58","modified_gmt":"2022-03-25T16:15:58","slug":"mobilisation-collective-pour-sauver-ksar-el-bhar","status":"publish","type":"post","link":"https:\/\/linitiative.ca\/International\/mobilisation-collective-pour-sauver-ksar-el-bhar\/","title":{"rendered":"Mobilisation collective pour sauver \u00ab\u00a0Ksar El Bhar\u00a0\u00bb"},"content":{"rendered":"<div>\n<div style=\"margin-bottom:20px;\"><img loading=\"lazy\" decoding=\"async\" width=\"750\" height=\"430\" src=\"https:\/\/linitiative.ca\/International\/wp-content\/uploads\/sites\/23\/2022\/03\/ksar-al-bahr-copier.jpg\" class=\"attachment-post-thumbnail size-post-thumbnail wp-post-image\" alt=\"\" srcset=\"https:\/\/linitiative.ca\/International\/wp-content\/uploads\/sites\/23\/2022\/03\/ksar-al-bahr-copier.jpg 750w, https:\/\/www.mapmarrakech.ma\/map\/uploads\/2022\/03\/ksar-al-bahr-copier-300x172.jpg 300w\" sizes=\"auto, (max-width: 750px) 100vw, 750px\"><\/div>\n<p>\u00a0<\/p>\n<p>Ainsi, une course contre la montre a \u00e9t\u00e9 enclench\u00e9e par l\u2019ensemble des intervenants concern\u00e9s, en l\u2019occurrence le minist\u00e8re de la Culture, le minist\u00e8re de l\u2019Equipement, les autorit\u00e9s provinciales de Safi, les conseils \u00e9lus et moult acteurs de la soci\u00e9t\u00e9 civile, afin de sauver ce monument historique singulier qui constitue, \u00e0 la fois, une composante indispensable de la m\u00e9moire collective de la cit\u00e9 de l\u2019Oc\u00e9an et une source de fiert\u00e9 pour ses habitants.<\/p>\n<p>Pour sauver ce patrimoine ind\u00e9niable, le minist\u00e8re de la Culture n\u2019a pas l\u00e9sin\u00e9 sur les moyens en entamant tout r\u00e9cemment, la restauration des canons de cette forteresse, qui ont \u00e9t\u00e9 transf\u00e9r\u00e9s \u00e0 Dar Sultan, en attendant le d\u00e9but des travaux de fortification et de restauration, qui seront lanc\u00e9s tr\u00e8s prochainement.<\/p>\n<p>Dans une d\u00e9claration \u00e0 M24, la cha\u00eene t\u00e9l\u00e9vis\u00e9e de l\u2019information en continu de la MAP, la directrice provinciale de la Culture \u00e0 Safi et Youssoufia, Mme Btissam Ouriamchi, a mis l\u2019accent sur l\u2019importance historique de cette forteresse, relevant que \u00ab\u00a0Ksar El Bhar\u00a0\u00bb constitue une composante fondamentale de l\u2019identit\u00e9 et du patrimoine de la ville, ainsi que de la m\u00e9moire et de l\u2019histoire commune maroco-portugaise.<\/p>\n<p>Apr\u00e8s avoir pass\u00e9 en revue les principaux facteurs humains et naturels qui \u00e9taient derri\u00e8re l\u2019effondrement de certaines parties de ce site historique, Mme Ouriamchi a soulign\u00e9 l\u2019importance des efforts engag\u00e9s conjointement pour sauver cette forteresse.<\/p>\n<p>Elle a tenu \u00e0 rappeler que la restauration du \u00ab\u00a0Ksar El Bhar\u00a0\u00bb est inscrite dans la liste des projets programm\u00e9s dans le cadre de la pr\u00e9servation du patrimoine culturel men\u00e9e par le minist\u00e8re de tutelle, faisant savoir qu\u2019une convention portant sur la r\u00e9habilitation, la restauration et la valorisation de ce joyau architectural, sera sign\u00e9e prochainement entre les parties concern\u00e9es.<\/p>\n<p>Cette convention portera aussi sur la fortification de la fa\u00e7ade maritime du Ksar El Bhar, sa r\u00e9habilitation, sa mise \u00e0 niveau et sa transformation en un Centre d\u2019interpr\u00e9tation du patrimoine maritime national, a-t-elle expliqu\u00e9.<\/p>\n<p>Selon l\u2019arch\u00e9ologue, M. Said Chemsi, Ksar El Bhar, cette forteresse, o\u00f9 se c\u00f4toient \u00e0 la fois, histoire, art et architecture militaire, \u00ab\u00a0caract\u00e9ristique de l\u2019\u00e9poque coloniale manu\u00e9line\u00a0\u00bb, est b\u00e2ti sur Jorf Amouni dans une position avanc\u00e9e par rapport au reste de la falaise.<\/p>\n<p>Egalement auteur du livre \u00ab\u00a0forteresse du nouveau Safi\u00a0\u00bb, M. Chemsi a expliqu\u00e9 que cette forteresse s\u2019avoue aujourd\u2019hui vaincue face aux attaques de la houle de l\u2019Atlantique, qui ont eu comme cons\u00e9quence, l\u2019apparition de cavit\u00e9s qui laissent infiltrer l\u2019eau de mer \u00e0 plusieurs parties du ch\u00e2teau.<\/p>\n<p>En effet, une bonne partie de la tour sud du ch\u00e2teau s\u2019est \u00e9croul\u00e9e suscitant avec elle la crainte de voir dispara\u00eetre \u00e0 jamais ce site historique, a-t-il d\u00e9plor\u00e9, pr\u00e9cisant que les attaques incessantes des vagues de l\u2019oc\u00e9an ont engendr\u00e9 une \u00e9rosion graduelle de la falaise d\u2019Amouni.<\/p>\n<p>M.Mohamed Mounis, pr\u00e9sident de l\u2019Association \u00ab\u00a0M\u00e9moire de Safi\u00a0\u00bb, partenaire engag\u00e9 dans la protection des monuments de la Cit\u00e9 de l\u2019Oc\u00e9an et la promotion de son statut culturel et historique, a attir\u00e9, quant \u00e0 lui, l\u2019attention sur la situation \u00ab\u00a0tr\u00e8s inqui\u00e9tante\u00a0\u00bb de ce monument qui, au fil des ann\u00e9es, a enregistr\u00e9 des effondrements successifs, ce qui constitue une v\u00e9ritable menace pour son existence et risque d\u2019engendrer une perte inestimable pour la m\u00e9moire de la ville et le patrimoine culturel du Royaume.<\/p>\n<p>Il a plaid\u00e9 en faveur d\u2019un passage \u00e0 la vitesse grand \u00ab\u00a0V\u00a0\u00bb pour sauver cette forteresse, source ind\u00e9niable de richesse pour la m\u00e9moire locale et nationale, relevant que la restauration de ce monument et sa r\u00e9ouverture devant les touristes sont de nature \u00e0 booster davantage le tourisme culturel et par ricochet, \u00e0 contribuer au d\u00e9veloppement \u00e9conomique, social et culturel de la ville.<\/p>\n<p>Cette forteresse, dont les travaux de r\u00e9alisation furent entam\u00e9es en 1516 et s\u2019\u00e9tal\u00e8rent jusqu\u2019\u00e0 1523, \u00e9tait \u00e9difi\u00e9e sur une superficie de 3.900 m2, sur un site strat\u00e9gique, permettant de contr\u00f4ler le trafic portuaire, les routes c\u00f4ti\u00e8res et l\u2019ancien port de la ville (Mrissa Lkdima) ainsi que le trafic commercial dans l\u2019embouchure de l\u2019oued Cha\u00e2ba, rappelle-t-on.<\/p>\n<p>Cette forteresse a \u00e9t\u00e9 utilis\u00e9e d\u00e8s 1541, sous le r\u00e8gne de la Dynastie Saadienne, comme rempart de d\u00e9fense de la ville contre les agressions militaires \u00e9trang\u00e8res.<\/p>\n<p>Dot\u00e9e de canons en bronze fabriqu\u00e9s et import\u00e9s des Pays-Bas sur ordre du Sultan Moulay Zidane et son fils Al Walid Ben Zidane, cette forteresse comprend trois tours, dont la plus importante est de forme rectangulaire servant, nagu\u00e8re, de r\u00e9sidence du commandant de la l\u00e9gion portugaise \u00e0 Safi au 16\u00e8 si\u00e8cle, en plus d\u2019un toit pour le contr\u00f4le.<\/p>\n<p>A rappeler qu\u2019en raison du danger d\u2019effondrement que connait ce site historique, le minist\u00e8re de tutelle, en coordination avec les autorit\u00e9s provinciales, avait pris en 2011, la d\u00e9cision de sa fermeture devant les visiteurs.<\/p>\n<p>The post <a rel=\"nofollow\" href=\"https:\/\/www.mapmarrakech.ma\/fr\/mobilisation-collective-pour-sauver-ksar-el-bhar\/\">Mobilisation collective pour sauver \u00ab\u00a0Ksar El Bhar\u00a0\u00bb<\/a> appeared first on <a rel=\"nofollow\" href=\"https:\/\/www.mapmarrakech.ma\/fr\">MapMarrakech<\/a>.<\/p>\n<\/div>\n<p>Auteur: Meriem IGASS<br \/>\n<a href=\"https:\/\/www.mapmarrakech.ma\/fr\/mobilisation-collective-pour-sauver-ksar-el-bhar\/\">Cliquez ici pour lire l&rsquo;article depuis sa source.<\/a><\/p>\n","protected":false},"excerpt":{"rendered":"<p>\u00a0 Ainsi, une course contre la montre a \u00e9t\u00e9 enclench\u00e9e par l\u2019ensemble des intervenants concern\u00e9s, en l\u2019occurrence le minist\u00e8re de la Culture, le minist\u00e8re de l\u2019Equipement, les autorit\u00e9s provinciales de Safi, les conseils \u00e9lus et moult acteurs de la soci\u00e9t\u00e9 civile, afin de sauver ce monument historique singulier qui constitue, \u00e0 la fois, une composante [&hellip;]<\/p>\n","protected":false},"author":1788,"featured_media":0,"comment_status":"closed","ping_status":"closed","sticky":false,"template":"","format":"standard","meta":{"fifu_image_url":"https:\/\/www.mapmarrakech.ma\/map\/uploads\/2022\/03\/ksar-al-bahr-copier.jpg","fifu_image_alt":"Mobilisation collective pour sauver \u00ab\u00a0Ksar El Bhar\u00a0\u00bb","footnotes":""},"categories":[54,76],"tags":[],"class_list":["post-143915","post","type-post","status-publish","format-standard","hentry","category-maroc","category-regions"],"_links":{"self":[{"href":"https:\/\/linitiative.ca\/International\/wp-json\/wp\/v2\/posts\/143915","targetHints":{"allow":["GET"]}}],"collection":[{"href":"https:\/\/linitiative.ca\/International\/wp-json\/wp\/v2\/posts"}],"about":[{"href":"https:\/\/linitiative.ca\/International\/wp-json\/wp\/v2\/types\/post"}],"author":[{"embeddable":true,"href":"https:\/\/linitiative.ca\/International\/wp-json\/wp\/v2\/users\/1788"}],"replies":[{"embeddable":true,"href":"https:\/\/linitiative.ca\/International\/wp-json\/wp\/v2\/comments?post=143915"}],"version-history":[{"count":0,"href":"https:\/\/linitiative.ca\/International\/wp-json\/wp\/v2\/posts\/143915\/revisions"}],"wp:attachment":[{"href":"https:\/\/linitiative.ca\/International\/wp-json\/wp\/v2\/media?parent=143915"}],"wp:term":[{"taxonomy":"category","embeddable":true,"href":"https:\/\/linitiative.ca\/International\/wp-json\/wp\/v2\/categories?post=143915"},{"taxonomy":"post_tag","embeddable":true,"href":"https:\/\/linitiative.ca\/International\/wp-json\/wp\/v2\/tags?post=143915"}],"curies":[{"name":"wp","href":"https:\/\/api.w.org\/{rel}","templated":true}]}}