{"id":143917,"date":"2022-03-25T13:26:55","date_gmt":"2022-03-25T17:26:55","guid":{"rendered":"https:\/\/linitiative.ca\/International\/previsions-meteorologiques-pour-le-samedi-26-mars-2022\/"},"modified":"2022-03-25T13:26:55","modified_gmt":"2022-03-25T17:26:55","slug":"previsions-meteorologiques-pour-le-samedi-26-mars-2022","status":"publish","type":"post","link":"https:\/\/linitiative.ca\/International\/previsions-meteorologiques-pour-le-samedi-26-mars-2022\/","title":{"rendered":"Pr\u00e9visions m\u00e9t\u00e9orologiques pour le samedi 26 mars 2022"},"content":{"rendered":"<div>\n<div style=\"margin-bottom:20px;\"><img loading=\"lazy\" decoding=\"async\" width=\"750\" height=\"430\" src=\"https:\/\/linitiative.ca\/International\/wp-content\/uploads\/sites\/23\/2022\/03\/mC3A9tC3A9o-2.jpg\" class=\"attachment-post-thumbnail size-post-thumbnail wp-post-image\" alt=\"\" srcset=\"https:\/\/linitiative.ca\/International\/wp-content\/uploads\/sites\/23\/2022\/03\/mC3A9tC3A9o-2.jpg 750w, https:\/\/www.mapmarrakech.ma\/map\/uploads\/2022\/02\/m\u00e9t\u00e9o-2-300x172.jpg 300w\" sizes=\"auto, (max-width: 750px) 100vw, 750px\"><\/div>\n<p>\u2013 Pluies faibles par endroits sur la M\u00e9diterran\u00e9e, le Rif, le Moyen Atlas et le Nord de l\u2019Oriental.<\/p>\n<p>\u2013 Formations brumeuses par endroits sur les plaines Nord et Centre.<\/p>\n<p>\u2013 Vent mod\u00e9r\u00e9 de secteur est sur le Tang\u00e9rois.<\/p>\n<p>\u2013 Temps assez froid la nuit et la matin\u00e9e sur l\u2019Atlas et le Rif avec gel\u00e9e locale ou verglas.<\/p>\n<p>\u2013 Temp\u00e9ratures minimales de l\u2019ordre de -02\/04\u00b0C sur l\u2019Atlas et le Rif, 03\/07\u00b0C sur les versants Sud-Est, l\u2019Oriental et les plateaux de Phosphates, de 06\/13\u00b0C sur le Nord, le Centre et le Sud-Est et de 11\/16\u00b0C sur les provinces Sud.<\/p>\n<p>\u2013 Temp\u00e9ratures du jour en hausse par rapport \u00e0 la veille.<\/p>\n<p align=\"justify\">\u2013 Mer peu agit\u00e9e sur la M\u00e9diterran\u00e9e et le\u00a0D\u00e9troit ainsi que peu agit\u00e9e \u00e0 agit\u00e9e ailleurs.<\/p>\n<p>The post <a rel=\"nofollow\" href=\"https:\/\/www.mapmarrakech.ma\/fr\/previsions-meteorologiques-pour-le-samedi-26-mars-2022\/\">Pr\u00e9visions m\u00e9t\u00e9orologiques pour le samedi 26 mars 2022<\/a> appeared first on <a rel=\"nofollow\" href=\"https:\/\/www.mapmarrakech.ma\/fr\">MapMarrakech<\/a>.<\/p>\n<\/div>\n<p>Auteur: Meriem IGASS<br \/>\n<a href=\"https:\/\/www.mapmarrakech.ma\/fr\/previsions-meteorologiques-pour-le-samedi-26-mars-2022\/\">Cliquez ici pour lire l&rsquo;article depuis sa source.<\/a><\/p>\n","protected":false},"excerpt":{"rendered":"<p>\u2013 Pluies faibles par endroits sur la M\u00e9diterran\u00e9e, le Rif, le Moyen Atlas et le Nord de l\u2019Oriental. \u2013 Formations brumeuses par endroits sur les plaines Nord et Centre. \u2013 Vent mod\u00e9r\u00e9 de secteur est sur le Tang\u00e9rois. \u2013 Temps assez froid la nuit et la matin\u00e9e sur l\u2019Atlas et le Rif avec gel\u00e9e locale [&hellip;]<\/p>\n","protected":false},"author":1788,"featured_media":0,"comment_status":"closed","ping_status":"closed","sticky":false,"template":"","format":"standard","meta":{"fifu_image_url":"https:\/\/www.mapmarrakech.ma\/map\/uploads\/2022\/02\/m\u00e9t\u00e9o-2.jpg","fifu_image_alt":"Pr\u00e9visions m\u00e9t\u00e9orologiques pour le samedi 26 mars 2022","footnotes":""},"categories":[54,76],"tags":[],"class_list":["post-143917","post","type-post","status-publish","format-standard","hentry","category-maroc","category-regions"],"_links":{"self":[{"href":"https:\/\/linitiative.ca\/International\/wp-json\/wp\/v2\/posts\/143917","targetHints":{"allow":["GET"]}}],"collection":[{"href":"https:\/\/linitiative.ca\/International\/wp-json\/wp\/v2\/posts"}],"about":[{"href":"https:\/\/linitiative.ca\/International\/wp-json\/wp\/v2\/types\/post"}],"author":[{"embeddable":true,"href":"https:\/\/linitiative.ca\/International\/wp-json\/wp\/v2\/users\/1788"}],"replies":[{"embeddable":true,"href":"https:\/\/linitiative.ca\/International\/wp-json\/wp\/v2\/comments?post=143917"}],"version-history":[{"count":0,"href":"https:\/\/linitiative.ca\/International\/wp-json\/wp\/v2\/posts\/143917\/revisions"}],"wp:attachment":[{"href":"https:\/\/linitiative.ca\/International\/wp-json\/wp\/v2\/media?parent=143917"}],"wp:term":[{"taxonomy":"category","embeddable":true,"href":"https:\/\/linitiative.ca\/International\/wp-json\/wp\/v2\/categories?post=143917"},{"taxonomy":"post_tag","embeddable":true,"href":"https:\/\/linitiative.ca\/International\/wp-json\/wp\/v2\/tags?post=143917"}],"curies":[{"name":"wp","href":"https:\/\/api.w.org\/{rel}","templated":true}]}}