{"id":143919,"date":"2022-03-25T13:31:42","date_gmt":"2022-03-25T17:31:42","guid":{"rendered":"https:\/\/linitiative.ca\/International\/vernissage-de-lexposition-collective-new-life\/"},"modified":"2022-03-25T13:31:42","modified_gmt":"2022-03-25T17:31:42","slug":"vernissage-de-lexposition-collective-new-life","status":"publish","type":"post","link":"https:\/\/linitiative.ca\/International\/vernissage-de-lexposition-collective-new-life\/","title":{"rendered":"Vernissage de l\u2019exposition collective \u00ab\u00a0New Life\u00a0\u00bb"},"content":{"rendered":"<div>\n<div style=\"margin-bottom:20px;\"><img loading=\"lazy\" decoding=\"async\" width=\"750\" height=\"430\" src=\"https:\/\/linitiative.ca\/International\/wp-content\/uploads\/sites\/23\/2022\/03\/exposition-copier.jpg\" class=\"attachment-post-thumbnail size-post-thumbnail wp-post-image\" alt=\"\" srcset=\"https:\/\/linitiative.ca\/International\/wp-content\/uploads\/sites\/23\/2022\/03\/exposition-copier.jpg 750w, https:\/\/www.mapmarrakech.ma\/map\/uploads\/2022\/03\/exposition-copier-300x172.jpg 300w\" sizes=\"auto, (max-width: 750px) 100vw, 750px\"><\/div>\n<p>Organis\u00e9e en partenariat avec le minist\u00e8re de la Jeunesse, de la Culture et de la Communication et la wilaya de la r\u00e9gion Marrakech-Safi, cette exposition, qui se poursuit jusqu\u2019au 2 mai, constitue un hommage au renouveau, au recyclage et \u00e0 la pr\u00e9servation de l\u2019environnement.<\/p>\n<p>Cette manifestation cr\u00e9ative regroupe huit cr\u00e9ateurs et designers marocains et \u00e9trangers, de g\u00e9n\u00e9rations diff\u00e9rentes et d\u2019horizons divers, autour de la th\u00e9matique du recyclage et du renouveau, dans le sens r\u00e9el et symbolique, \u00e0 savoir donner une nouvelle vie, une nouvelle forme ou une nouvelle fonction \u00e0 des motifs, des formes, des techniques, des mat\u00e9riaux traditionnels ou de r\u00e9cup\u00e9ration, pour en faire des \u0153uvres d\u2019art, du mobilier contemporain, des objets d\u00e9coratifs, des bijoux, de la maroquinerie, des v\u00eatements ou encore des accessoires de mode.<\/p>\n<p>\u00ab\u00a0Cette exposition collective a pour objectif de sensibiliser le public sur l\u2019importance vitale de la pr\u00e9servation de l\u2019environnement gr\u00e2ce \u00e0 la cr\u00e9ation et \u00e0 l\u2019inventivit\u00e9, d\u2019o\u00f9 le choix du titre Nouvelle Vie\u00a0\u00bb, a soulign\u00e9 Mme Faten Safieddine, Commissaire de l\u2019exposition, dans une d\u00e9claration \u00e0 M24, la chaine t\u00e9l\u00e9vis\u00e9e de l\u2019information en continu de la MAP.<\/p>\n<p>Cette galerie peut aussi s\u2019av\u00e9rer un lieu de m\u00e9tissage culturel et artistique dans lequel se croisent, s\u2019ench\u00e2ssent et se mettent en commun diff\u00e9rentes g\u00e9n\u00e9rations, diff\u00e9rentes techniques et diff\u00e9rentes disciplines pour cr\u00e9er une nouvelle dynamique et de nouvelles \u0153uvres d\u2019art, a relev\u00e9 Mme Safieddine, \u00e9galement historienne et critique d\u2019art, ajoutant que l\u2019organisation de cette exposition, apr\u00e8s deux ans de rupture \u00e0 cause de la pand\u00e9mie du nouveau coronavirus (Covid-19), vient de marquer \u00e9galement un signe de renouveau et de renouvellement.<\/p>\n<p>C\u00f4te \u00e0 c\u00f4te, dans une belle harmonie de formes et de couleurs, on d\u00e9couvrira les toiles confectionn\u00e9es sur des supports de r\u00e9cup\u00e9ration avec des peintures industrielles de l\u2019artiste Caroline Lefort, le mobilier en bois brut ou de r\u00e9cup\u00e9ration de La Fabrica, cr\u00e9\u00e9s par la jeune architecte-designer Souhaya El Alaoui, adepte de la philosophie esth\u00e9tique Wabi Sabi qui privil\u00e9gie les mat\u00e9riaux naturels et la beaut\u00e9 imparfaite, ainsi que les biblioth\u00e8ques-sculptures inclin\u00e9es et les collages de l\u2019architecte Fr\u00e9d\u00e9ric Bekas.<\/p>\n<p>L\u2019exposition permet \u00e9galement d\u2019appr\u00e9cier le mobilier et objets d\u00e9coratifs en pneus recycl\u00e9s de l\u2019entreprise \u00ab\u00a0UpcycleMo\u00a0\u00bb de Mohamed Khattou, les \u0153uvres et objets d\u00e9coratifs d\u2019Isabelle Renou faits de mat\u00e9riaux et d\u2019objets recycl\u00e9s ou de r\u00e9cup\u00e9ration, les bijoux en argent 100 % faits-main et inspir\u00e9s par la symbolique des bijoux et des arts de la jeune designer Maroua Mouhmy fondatrice de la marque \u00ab\u00a0Tazouri Jewels\u00a0\u00bb, les Kimonos et bobs r\u00e9versibles en tissus Wax et lin de Christophe D\u2019Humi\u00e8res cr\u00e9ateur de la toute jeune marque \u00ab\u00a0Ymkin-Maybe\u00a0\u00bb, et les cr\u00e9ations en cuir de Jo Ngadi et de sa marque \u00ab\u00a0Tanit\u00a0\u00bb o\u00f9 l\u2019on retrouve un subtil m\u00e9lange entre le savoir-faire marocain, les mati\u00e8res nobles et les influences urbaines.<\/p>\n<p>Au-del\u00e0 des diff\u00e9rences g\u00e9n\u00e9rationnelles, d\u2019origine, d\u2019expression artistique et de disciplines, le principal point commun entre ces cr\u00e9ateurs et artistes reste la conscience aigu\u00eb de la n\u00e9cessit\u00e9 de sauvegarder l\u2019environnement gr\u00e2ce \u00e0 la cr\u00e9ativit\u00e9 et \u00e0 l\u2019inventivit\u00e9.<\/p>\n<p>En signe de solidarit\u00e9 sociale une partie des revenus des ventes sera vers\u00e9e \u00e0 l\u2019association \u00ab\u00a0Atlas Kinder\u00a0\u00bb pour les enfants abandonn\u00e9s.<\/p>\n<p>The post <a rel=\"nofollow\" href=\"https:\/\/www.mapmarrakech.ma\/fr\/vernissage-de-lexposition-collective-new-life\/\">Vernissage de l\u2019exposition collective \u00ab\u00a0New Life\u00a0\u00bb<\/a> appeared first on <a rel=\"nofollow\" href=\"https:\/\/www.mapmarrakech.ma\/fr\">MapMarrakech<\/a>.<\/p>\n<\/div>\n<p>Auteur: Meriem IGASS<br \/>\n<a href=\"https:\/\/www.mapmarrakech.ma\/fr\/vernissage-de-lexposition-collective-new-life\/\">Cliquez ici pour lire l&rsquo;article depuis sa source.<\/a><\/p>\n","protected":false},"excerpt":{"rendered":"<p>Organis\u00e9e en partenariat avec le minist\u00e8re de la Jeunesse, de la Culture et de la Communication et la wilaya de la r\u00e9gion Marrakech-Safi, cette exposition, qui se poursuit jusqu\u2019au 2 mai, constitue un hommage au renouveau, au recyclage et \u00e0 la pr\u00e9servation de l\u2019environnement. Cette manifestation cr\u00e9ative regroupe huit cr\u00e9ateurs et designers marocains et \u00e9trangers, [&hellip;]<\/p>\n","protected":false},"author":1788,"featured_media":0,"comment_status":"closed","ping_status":"closed","sticky":false,"template":"","format":"standard","meta":{"fifu_image_url":"https:\/\/www.mapmarrakech.ma\/map\/uploads\/2022\/03\/exposition-copier.jpg","fifu_image_alt":"Vernissage de l\u2019exposition collective \u00ab\u00a0New Life\u00a0\u00bb","footnotes":""},"categories":[54,76],"tags":[],"class_list":["post-143919","post","type-post","status-publish","format-standard","hentry","category-maroc","category-regions"],"_links":{"self":[{"href":"https:\/\/linitiative.ca\/International\/wp-json\/wp\/v2\/posts\/143919","targetHints":{"allow":["GET"]}}],"collection":[{"href":"https:\/\/linitiative.ca\/International\/wp-json\/wp\/v2\/posts"}],"about":[{"href":"https:\/\/linitiative.ca\/International\/wp-json\/wp\/v2\/types\/post"}],"author":[{"embeddable":true,"href":"https:\/\/linitiative.ca\/International\/wp-json\/wp\/v2\/users\/1788"}],"replies":[{"embeddable":true,"href":"https:\/\/linitiative.ca\/International\/wp-json\/wp\/v2\/comments?post=143919"}],"version-history":[{"count":0,"href":"https:\/\/linitiative.ca\/International\/wp-json\/wp\/v2\/posts\/143919\/revisions"}],"wp:attachment":[{"href":"https:\/\/linitiative.ca\/International\/wp-json\/wp\/v2\/media?parent=143919"}],"wp:term":[{"taxonomy":"category","embeddable":true,"href":"https:\/\/linitiative.ca\/International\/wp-json\/wp\/v2\/categories?post=143919"},{"taxonomy":"post_tag","embeddable":true,"href":"https:\/\/linitiative.ca\/International\/wp-json\/wp\/v2\/tags?post=143919"}],"curies":[{"name":"wp","href":"https:\/\/api.w.org\/{rel}","templated":true}]}}