{"id":143921,"date":"2022-03-25T13:57:13","date_gmt":"2022-03-25T17:57:13","guid":{"rendered":"https:\/\/linitiative.ca\/International\/un-riche-programme-pour-celebrer-la-journee-nationale-de-leau\/"},"modified":"2022-03-25T13:57:13","modified_gmt":"2022-03-25T17:57:13","slug":"un-riche-programme-pour-celebrer-la-journee-nationale-de-leau","status":"publish","type":"post","link":"https:\/\/linitiative.ca\/International\/un-riche-programme-pour-celebrer-la-journee-nationale-de-leau\/","title":{"rendered":"Un riche programme pour c\u00e9l\u00e9brer la Journ\u00e9e Nationale de l\u2019Eau"},"content":{"rendered":"<div>\n<div style=\"margin-bottom:20px;\"><img loading=\"lazy\" decoding=\"async\" width=\"750\" height=\"430\" src=\"https:\/\/linitiative.ca\/International\/wp-content\/uploads\/sites\/23\/2022\/03\/eau-potable-copier.jpg\" class=\"attachment-post-thumbnail size-post-thumbnail wp-post-image\" alt=\"\" srcset=\"https:\/\/linitiative.ca\/International\/wp-content\/uploads\/sites\/23\/2022\/03\/eau-potable-copier.jpg 750w, https:\/\/www.mapmarrakech.ma\/map\/uploads\/2022\/03\/eau-potable-copier-300x172.jpg 300w\" sizes=\"auto, (max-width: 750px) 100vw, 750px\"><\/div>\n<p>Ces activit\u00e9s de mobilisation, de d\u00e9bats et d\u2019actions (rencontres, visites de terrain\u2026) visent \u00e0 renforcer la conscientisation et \u00e0 promouvoir les actions des citoyens, en vue d\u2019ouvrir un dialogue entre les diff\u00e9rentes parties prenantes, et \u00e0 mobiliser davantage de partenaires pour soutenir les projets de d\u00e9veloppement et de pr\u00e9servation des ressources en eau dans les zones \u00e0 risque de s\u00e9cheresse, a indiqu\u00e9 l\u2019AESVT, section r\u00e9gionale Marrakech-Safi, dans un communiqu\u00e9.<\/p>\n<p>Ainsi, deux s\u00e9minaires seront organis\u00e9s dans les villes de Safi et d\u2019Essaouira pour d\u00e9battre de la strat\u00e9gie adopt\u00e9e, afin de mettre en place une gestion int\u00e9gr\u00e9e des ressources en eau dans la r\u00e9gion.<\/p>\n<p>Selon l\u2019AESVT, le Maroc conna\u00eet \u00ab\u00a0une s\u00e9cheresse structurelle exacerb\u00e9e par les effets s\u00e9v\u00e8res du changement climatique, passant d\u2019un \u00e9tat de stress hydrique \u00e0 une situation de raret\u00e9 de l\u2019eau, ce qui appelle \u00e0 une mobilisation nationale pour renforcer les programmes de sensibilisation, les projets et les activit\u00e9s sur le terrain, et ouvrir un d\u00e9bat local, r\u00e9gional et national entre les diff\u00e9rents acteurs sur les approches et m\u00e9canismes destin\u00e9s \u00e0 relever les d\u00e9fis, auxquels nous sommes confront\u00e9s, notamment le concept de gestion int\u00e9gr\u00e9e de l\u2019eau, l\u2019\u00e9conomie circulaire, les m\u00e9thodes innovantes, le d\u00e9veloppement et la g\u00e9n\u00e9ralisation des micro-projets, ainsi que les chantiers de grande envergure dans les domaines de la collecte et de l\u2019\u00e9puration des eaux us\u00e9es et de l\u2019adaptation aux changements climatiques\u00a0\u00bb.<\/p>\n<p>Dans ce sens, l\u2019AESVT a appel\u00e9 \u00e0 doubler les efforts pour rendre l\u2019offre durable dans le domaine de l\u2019approvisionnement en eau, tout en ma\u00eetrisant la demande, \u00e0 travers la mobilisation de tous les moyens disponibles pour diversifier l\u2019approvisionnement en eau \u00e0 travers des petits et grands projets, et r\u00e9duire la consommation, le gaspillage et la pollution de l\u2019eau, gr\u00e2ce \u00e0 l\u2019adoption des nouvelles technologies.<\/p>\n<p>L\u2019Association a \u00e9galement soulign\u00e9 l\u2019importance de mettre en place un syst\u00e8me d\u2019information et d\u2019\u00e9valuation des politiques et des projets au niveau territorial, dans l\u2019optique d\u2019atteindre le sixi\u00e8me objectif de d\u00e9veloppement durable (ODD 6) \u00ab\u00a0Garantir l\u2019acc\u00e8s de tous \u00e0 des services d\u2019alimentation en eau et d\u2019assainissement g\u00e9r\u00e9s de fa\u00e7on durable\u00a0\u00bb, de faire de la rationalisation de l\u2019eau une priorit\u00e9 nationale pour ma\u00eetriser la demande, et de maintenir la qualit\u00e9 de l\u2019eau en adoptant un nouveau mod\u00e8le de l\u2019\u00e9conomie circulaire.<\/p>\n<p>Les activit\u00e9s porteront aussi sur l\u2019organisation d\u2019une session de formation \u00e0 Essaouira, au profit des repr\u00e9sentants des m\u00e9dias sur le sujet, dans le cadre de la mise en \u0153uvre de la convention de partenariat conclue entre l\u2019Association et le Centre Marocain pour l\u2019Environnement et les \u00c9nergies Vertes.<\/p>\n<p>The post <a rel=\"nofollow\" href=\"https:\/\/www.mapmarrakech.ma\/fr\/un-riche-programme-pour-celebrer-la-journee-nationale-de-leau\/\">Un riche programme pour c\u00e9l\u00e9brer la Journ\u00e9e Nationale de l\u2019Eau<\/a> appeared first on <a rel=\"nofollow\" href=\"https:\/\/www.mapmarrakech.ma\/fr\">MapMarrakech<\/a>.<\/p>\n<\/div>\n<p>Auteur: Meriem IGASS<br \/>\n<a href=\"https:\/\/www.mapmarrakech.ma\/fr\/un-riche-programme-pour-celebrer-la-journee-nationale-de-leau\/\">Cliquez ici pour lire l&rsquo;article depuis sa source.<\/a><\/p>\n","protected":false},"excerpt":{"rendered":"<p>Ces activit\u00e9s de mobilisation, de d\u00e9bats et d\u2019actions (rencontres, visites de terrain\u2026) visent \u00e0 renforcer la conscientisation et \u00e0 promouvoir les actions des citoyens, en vue d\u2019ouvrir un dialogue entre les diff\u00e9rentes parties prenantes, et \u00e0 mobiliser davantage de partenaires pour soutenir les projets de d\u00e9veloppement et de pr\u00e9servation des ressources en eau dans les [&hellip;]<\/p>\n","protected":false},"author":1788,"featured_media":0,"comment_status":"closed","ping_status":"closed","sticky":false,"template":"","format":"standard","meta":{"fifu_image_url":"https:\/\/www.mapmarrakech.ma\/map\/uploads\/2022\/03\/eau-potable-copier.jpg","fifu_image_alt":"Un riche programme pour c\u00e9l\u00e9brer la Journ\u00e9e Nationale de l\u2019Eau","footnotes":""},"categories":[54,76],"tags":[],"class_list":["post-143921","post","type-post","status-publish","format-standard","hentry","category-maroc","category-regions"],"_links":{"self":[{"href":"https:\/\/linitiative.ca\/International\/wp-json\/wp\/v2\/posts\/143921","targetHints":{"allow":["GET"]}}],"collection":[{"href":"https:\/\/linitiative.ca\/International\/wp-json\/wp\/v2\/posts"}],"about":[{"href":"https:\/\/linitiative.ca\/International\/wp-json\/wp\/v2\/types\/post"}],"author":[{"embeddable":true,"href":"https:\/\/linitiative.ca\/International\/wp-json\/wp\/v2\/users\/1788"}],"replies":[{"embeddable":true,"href":"https:\/\/linitiative.ca\/International\/wp-json\/wp\/v2\/comments?post=143921"}],"version-history":[{"count":0,"href":"https:\/\/linitiative.ca\/International\/wp-json\/wp\/v2\/posts\/143921\/revisions"}],"wp:attachment":[{"href":"https:\/\/linitiative.ca\/International\/wp-json\/wp\/v2\/media?parent=143921"}],"wp:term":[{"taxonomy":"category","embeddable":true,"href":"https:\/\/linitiative.ca\/International\/wp-json\/wp\/v2\/categories?post=143921"},{"taxonomy":"post_tag","embeddable":true,"href":"https:\/\/linitiative.ca\/International\/wp-json\/wp\/v2\/tags?post=143921"}],"curies":[{"name":"wp","href":"https:\/\/api.w.org\/{rel}","templated":true}]}}