{"id":143923,"date":"2022-03-25T09:27:10","date_gmt":"2022-03-25T13:27:10","guid":{"rendered":"https:\/\/linitiative.ca\/International\/berkane-accueille-la-2eme-edition-du-forum-de-la-societe-digitale\/"},"modified":"2022-03-25T09:27:10","modified_gmt":"2022-03-25T13:27:10","slug":"berkane-accueille-la-2eme-edition-du-forum-de-la-societe-digitale","status":"publish","type":"post","link":"https:\/\/linitiative.ca\/International\/berkane-accueille-la-2eme-edition-du-forum-de-la-societe-digitale\/","title":{"rendered":"Berkane accueille la 2\u00e8me \u00e9dition du Forum de la soci\u00e9t\u00e9 digitale"},"content":{"rendered":"<div>\n<div style=\"margin-bottom:20px;\"><img loading=\"lazy\" decoding=\"async\" width=\"750\" height=\"430\" src=\"https:\/\/linitiative.ca\/International\/wp-content\/uploads\/sites\/23\/2022\/03\/Ouverture-la-2C3A8me-C3A9dition-du-Forum-de-la-sociC3A9tC3A9-digitale-750C397430-MAP.jpg\" class=\"attachment-post-thumbnail size-post-thumbnail wp-post-image\" alt=\"\" srcset=\"https:\/\/linitiative.ca\/International\/wp-content\/uploads\/sites\/23\/2022\/03\/Ouverture-la-2C3A8me-C3A9dition-du-Forum-de-la-sociC3A9tC3A9-digitale-750C397430-MAP.jpg 750w, https:\/\/www.mapoujda.ma\/map\/uploads\/2022\/03\/Ouverture-la-2\u00e8me-\u00e9dition-du-Forum-de-la-soci\u00e9t\u00e9-digitale-750\u00d7430-MAP-300x172.jpg 300w\" sizes=\"auto, (max-width: 750px) 100vw, 750px\"><\/div>\n<p style=\"text-align: justify;\">Les travaux de la 2<sup>\u00e8me<\/sup> \u00e9dition du Forum de la soci\u00e9t\u00e9 digitale se sont ouverts, jeudi \u00e0 Berkane, sous le th\u00e8me de \u00ab\u00a0la num\u00e9risation au service des citoyens\u00a0\u00bb, \u00e0 l\u2019initiative de l\u2019Association d\u00e9veloppement num\u00e9rique.<\/p>\n<p style=\"text-align: justify;\">Organis\u00e9 en collaboration avec la province, ainsi que les conseils provincial et communal de Berkane, ce forum de 3 jours regroupe des chercheurs et des experts dans les domaines li\u00e9s \u00e0 la num\u00e9risation, l\u2019intelligence artificielle et les villes intelligentes.<\/p>\n<p style=\"text-align: justify;\">Cet \u00e9v\u00e9nement a pour objectif, selon les organisateurs,\u00a0d\u2019explorer l\u2019avenir des soci\u00e9t\u00e9s num\u00e9riques \u00e0 la lumi\u00e8re des \u00e9volutions juridiques qui ont enrichi l\u2019arsenal national en la mati\u00e8re, et sa pertinence par rapport aux exigences actuelles.<\/p>\n<p style=\"text-align: justify;\">Il s\u2019agit aussi de mettre en commun et partager les diff\u00e9rentes visions de ce segment important, \u00e0 travers l\u2019organisation d\u2019un hackathon, un concours d\u2019id\u00e9es dans les domaines li\u00e9s \u00e0 l\u2019\u00e9ducation, la num\u00e9risation, la sant\u00e9 et la communication num\u00e9rique.<\/p>\n<p style=\"text-align: justify;\">L\u2019accent est mis sur l\u2019importance du num\u00e9rique en tant qu\u2019outil incontournable pour l\u2019am\u00e9lioration, le perfectionnement et l\u2019innovation des m\u00e9thodes de travail, son utilit\u00e9 fondamentale pour servir autrement les citoyens dans de multiples domaines tels que la sant\u00e9, l\u2019\u00e9ducation, l\u2019environnement, la s\u00fbret\u00e9 et la s\u00e9curit\u00e9.<\/p>\n<p style=\"text-align: justify;\">A cette occasion, le wali de la r\u00e9gion de l\u2019Oriental, gouverneur de la pr\u00e9fecture d\u2019Oujda-Angad, Mouad El Jamai, a mis l\u2019accent sur l\u2019importance de la transformation num\u00e9rique pour le d\u00e9veloppement \u00e9conomique et social, soulignant l\u2019adh\u00e9sion du Maroc \u00e0 cette dynamique, conform\u00e9ment aux Hautes Orientations Royales en la mati\u00e8re.<\/p>\n<p style=\"text-align: justify;\">Jamai a \u00e9voqu\u00e9, \u00e0 ce sujet, les projets contenus dans le sch\u00e9ma r\u00e9gional d\u2019am\u00e9nagement du territoire de l\u2019Oriental, ax\u00e9s sur ce domaine et qui sont en harmonie avec les axes du nouveau Mod\u00e8le de d\u00e9veloppement qui a fait de la num\u00e9risation un v\u00e9ritable levier de d\u00e9veloppement.<\/p>\n<p style=\"text-align: justify;\">Le gouverneur de la province de Berkane, Mohamed Ali Habouha, a fait observer que ce forum intervient dans le cadre de l\u2019accompagnement des transformations que connait le Maroc dans le domaine du num\u00e9rique ayant pour objet notamment de moderniser l\u2019administration, \u00e0 travers l\u2019exploitation des nouvelles technologies.<\/p>\n<p style=\"text-align: justify;\">La pr\u00e9sidente de l\u2019Association d\u00e9veloppement num\u00e9rique, Ilham Fikri, a soulign\u00e9 l\u2019importance de cette manifestation, au vu de la dynamique internationale dans le domaine num\u00e9rique, rappelant l\u2019adh\u00e9sion du Royaume \u00e0 cet essor technologique dans plusieurs domaines.<\/p>\n<p style=\"text-align: justify;\">En plus des d\u2019ateliers num\u00e9riques pr\u00e9vus, ce forum offre une opportunit\u00e9 pour les cr\u00e9ateurs de mettre en avant ce que proposent leurs g\u00e9nies, \u00e0 travers le hackathon.<\/p>\n<p style=\"text-align: justify;\">Des conf\u00e9rences anim\u00e9es par des experts du domaine sont au menu, en rapport avec plusieurs sujets comme \u00ab\u00a0digital society &amp; green economy\u00a0\u00bb, \u00ab\u00a0intelligence artificielle et implantation de puces \u00e9lectroniques\u00a0\u00bb, \u00ab\u00a0la ville inclusive : quel mod\u00e8le pour le Maroc\u00a0\u00bb et \u00ab\u00a0smart cities and innovation\u00a0\u00bb.<\/p>\n<p>L\u2019article <a rel=\"nofollow\" href=\"https:\/\/www.mapoujda.ma\/fr\/berkane-accueille-la-2eme-edition-du-forum-de-la-societe-digitale\/\">Berkane accueille la 2\u00e8me \u00e9dition du Forum de la soci\u00e9t\u00e9 digitale<\/a> est apparu en premier sur <a rel=\"nofollow\" href=\"https:\/\/www.mapoujda.ma\/fr\">MapOujda<\/a>.<\/p>\n<\/div>\n<p>Auteur: Soufiane ELAHMAR<br \/>\n<a href=\"https:\/\/www.mapoujda.ma\/fr\/berkane-accueille-la-2eme-edition-du-forum-de-la-societe-digitale\/\">Cliquez ici pour lire l&rsquo;article depuis sa source.<\/a><\/p>\n","protected":false},"excerpt":{"rendered":"<p>Les travaux de la 2\u00e8me \u00e9dition du Forum de la soci\u00e9t\u00e9 digitale se sont ouverts, jeudi \u00e0 Berkane, sous le th\u00e8me de \u00ab\u00a0la num\u00e9risation au service des citoyens\u00a0\u00bb, \u00e0 l\u2019initiative de l\u2019Association d\u00e9veloppement num\u00e9rique. Organis\u00e9 en collaboration avec la province, ainsi que les conseils provincial et communal de Berkane, ce forum de 3 jours regroupe [&hellip;]<\/p>\n","protected":false},"author":1788,"featured_media":0,"comment_status":"closed","ping_status":"closed","sticky":false,"template":"","format":"standard","meta":{"fifu_image_url":"https:\/\/www.mapoujda.ma\/map\/uploads\/2022\/03\/Ouverture-la-2\u00e8me-\u00e9dition-du-Forum-de-la-soci\u00e9t\u00e9-digitale-750\u00d7430-MAP.jpg","fifu_image_alt":"Berkane accueille la 2\u00e8me \u00e9dition du Forum de la soci\u00e9t\u00e9 digitale","footnotes":""},"categories":[54,76],"tags":[],"class_list":["post-143923","post","type-post","status-publish","format-standard","hentry","category-maroc","category-regions"],"_links":{"self":[{"href":"https:\/\/linitiative.ca\/International\/wp-json\/wp\/v2\/posts\/143923","targetHints":{"allow":["GET"]}}],"collection":[{"href":"https:\/\/linitiative.ca\/International\/wp-json\/wp\/v2\/posts"}],"about":[{"href":"https:\/\/linitiative.ca\/International\/wp-json\/wp\/v2\/types\/post"}],"author":[{"embeddable":true,"href":"https:\/\/linitiative.ca\/International\/wp-json\/wp\/v2\/users\/1788"}],"replies":[{"embeddable":true,"href":"https:\/\/linitiative.ca\/International\/wp-json\/wp\/v2\/comments?post=143923"}],"version-history":[{"count":0,"href":"https:\/\/linitiative.ca\/International\/wp-json\/wp\/v2\/posts\/143923\/revisions"}],"wp:attachment":[{"href":"https:\/\/linitiative.ca\/International\/wp-json\/wp\/v2\/media?parent=143923"}],"wp:term":[{"taxonomy":"category","embeddable":true,"href":"https:\/\/linitiative.ca\/International\/wp-json\/wp\/v2\/categories?post=143923"},{"taxonomy":"post_tag","embeddable":true,"href":"https:\/\/linitiative.ca\/International\/wp-json\/wp\/v2\/tags?post=143923"}],"curies":[{"name":"wp","href":"https:\/\/api.w.org\/{rel}","templated":true}]}}