{"id":143925,"date":"2022-03-25T13:58:28","date_gmt":"2022-03-25T17:58:28","guid":{"rendered":"https:\/\/linitiative.ca\/International\/inflation-la-note-du-hcp-en-9-points-cles\/"},"modified":"2022-03-25T13:58:28","modified_gmt":"2022-03-25T17:58:28","slug":"inflation-la-note-du-hcp-en-9-points-cles","status":"publish","type":"post","link":"https:\/\/linitiative.ca\/International\/inflation-la-note-du-hcp-en-9-points-cles\/","title":{"rendered":"Inflation: la note du HCP en 9 points cl\u00e9s"},"content":{"rendered":"<div>\n<div style=\"margin-bottom:20px;\"><img loading=\"lazy\" decoding=\"async\" width=\"750\" height=\"430\" src=\"https:\/\/linitiative.ca\/International\/wp-content\/uploads\/sites\/23\/2022\/03\/hcp-1.jpg\" class=\"attachment-post-thumbnail size-post-thumbnail wp-post-image\" alt=\"\" srcset=\"https:\/\/linitiative.ca\/International\/wp-content\/uploads\/sites\/23\/2022\/03\/hcp-1.jpg 750w, https:\/\/www.mapoujda.ma\/map\/uploads\/2021\/06\/hcp-1-300x172.jpg 300w\" sizes=\"auto, (max-width: 750px) 100vw, 750px\"><\/div>\n<div>\n<p style=\"text-align: justify;\">Voici neuf points cl\u00e9s de la note du Haut-Commissariat au Plan (HCP) sur \u00ab\u00a0l\u2019\u00e9volution de l\u2019inflation au Maroc\u00a0\u00bb:<\/p>\n<p style=\"text-align: justify;\"><strong>1.<\/strong> L\u2019\u00e9volution de l\u2019indice des prix \u00e0 la consommation (IPC) durant les 20 derni\u00e8res ann\u00e9es montre une tendance relativement mod\u00e9r\u00e9e de la hausse des prix. Cet indice a \u00e9volu\u00e9 en dessous de la barre de 2% sauf pour les ann\u00e9es 2002, 2006 et 2008 respectivement de 2,8%, 3,3% et 3,9%.<\/p>\n<p style=\"text-align: justify;\"><strong>2.<\/strong> L\u2019\u00e9volution des prix \u00e0 la consommation durant la p\u00e9riode 2010-2021 montre que les indices de la plupart des divisions de produits ont enregistr\u00e9 des variations relativement dispers\u00e9es les uns des autres.<\/p>\n<p style=\"text-align: justify;\"><strong>3.<\/strong> L\u2019ann\u00e9e 2021 est particuli\u00e8rement marqu\u00e9e par des hausses record. L\u2019inflation est plus marqu\u00e9e \u00e0 partir du mois d\u2019avril 2021.<\/p>\n<p style=\"text-align: justify;\"><strong>4.<\/strong> L\u2019IPC a subi une acc\u00e9l\u00e9ration depuis le d\u00e9but de 2022, pour atteindre le niveau de 3,3% au cours des deux premiers mois de cette ann\u00e9e comparativement aux deux premiers mois de 2021.<\/p>\n<p style=\"text-align: justify;\"><strong>5.<\/strong> Cette acc\u00e9l\u00e9ration r\u00e9sulte principalement de la hausse de l\u2019indice des produits alimentaires de 4,9% et de celui des produits non alimentaires de 2,4%.<\/p>\n<p style=\"text-align: justify;\"><strong>6.<\/strong> La hausse des prix devrait se maintenir en 2022 \u00e0 des niveaux sup\u00e9rieurs \u00e0 la moyenne de la derni\u00e8re d\u00e9cennie. Les effets externes et la s\u00e9cheresse devraient accroitre davantage les incertitudes quant \u00e0 l\u2019inflation au niveau national. Les risques inflationnistes resteraient incertains \u00e0 court terme.<\/p>\n<p style=\"text-align: justify;\"><strong>7.<\/strong> La hausse des cours des mati\u00e8res premi\u00e8res import\u00e9es, la crise dans la r\u00e9gion de la Mer Noire et la mont\u00e9e des prix du baril \u00e0 environ 140$\/baril serraient de nature \u00e0 maintenir le taux d\u2019inflation au cours de 2022 \u00e0 des niveaux relativement \u00e9lev\u00e9s.<\/p>\n<p style=\"text-align: justify;\"><strong>8.<\/strong> Au niveau mondial, les pressions inflationnistes persistent au d\u00e9but de 2022, aussi bien dans les \u00e9conomies avanc\u00e9es que celles \u00e9mergentes. Ces taux ont atteint des niveaux record en f\u00e9vrier 2022.<\/p>\n<p style=\"text-align: justify;\"><strong>9.<\/strong> L\u2019inflation a poursuivi sa mont\u00e9e aux Etats-Unis se situant \u00e0 7,9% en f\u00e9vrier 2022 et \u00e0 3,6% en France. Une acc\u00e9l\u00e9ration a \u00e9t\u00e9 plus marqu\u00e9e en Turquie de 54,4% contre 48,7%. Dans la zone Euro, l\u2019inflation persiste en f\u00e9vrier 2022 au sommet de 5%.<\/p>\n<\/div>\n<p>L\u2019article <a rel=\"nofollow\" href=\"https:\/\/www.mapoujda.ma\/fr\/inflation-la-note-du-hcp-en-9-points-cles\/\">Inflation: la note du HCP en 9 points cl\u00e9s<\/a> est apparu en premier sur <a rel=\"nofollow\" href=\"https:\/\/www.mapoujda.ma\/fr\">MapOujda<\/a>.<\/p>\n<\/div>\n<p>Auteur: Soufiane ELAHMAR<br \/>\n<a href=\"https:\/\/www.mapoujda.ma\/fr\/inflation-la-note-du-hcp-en-9-points-cles\/\">Cliquez ici pour lire l&rsquo;article depuis sa source.<\/a><\/p>\n","protected":false},"excerpt":{"rendered":"<p>Voici neuf points cl\u00e9s de la note du Haut-Commissariat au Plan (HCP) sur \u00ab\u00a0l\u2019\u00e9volution de l\u2019inflation au Maroc\u00a0\u00bb: 1. L\u2019\u00e9volution de l\u2019indice des prix \u00e0 la consommation (IPC) durant les 20 derni\u00e8res ann\u00e9es montre une tendance relativement mod\u00e9r\u00e9e de la hausse des prix. Cet indice a \u00e9volu\u00e9 en dessous de la barre de 2% sauf [&hellip;]<\/p>\n","protected":false},"author":1788,"featured_media":0,"comment_status":"closed","ping_status":"closed","sticky":false,"template":"","format":"standard","meta":{"fifu_image_url":"https:\/\/www.mapoujda.ma\/map\/uploads\/2021\/06\/hcp-1.jpg","fifu_image_alt":"Inflation: la note du HCP en 9 points cl\u00e9s","footnotes":""},"categories":[54,76],"tags":[],"class_list":["post-143925","post","type-post","status-publish","format-standard","hentry","category-maroc","category-regions"],"_links":{"self":[{"href":"https:\/\/linitiative.ca\/International\/wp-json\/wp\/v2\/posts\/143925","targetHints":{"allow":["GET"]}}],"collection":[{"href":"https:\/\/linitiative.ca\/International\/wp-json\/wp\/v2\/posts"}],"about":[{"href":"https:\/\/linitiative.ca\/International\/wp-json\/wp\/v2\/types\/post"}],"author":[{"embeddable":true,"href":"https:\/\/linitiative.ca\/International\/wp-json\/wp\/v2\/users\/1788"}],"replies":[{"embeddable":true,"href":"https:\/\/linitiative.ca\/International\/wp-json\/wp\/v2\/comments?post=143925"}],"version-history":[{"count":0,"href":"https:\/\/linitiative.ca\/International\/wp-json\/wp\/v2\/posts\/143925\/revisions"}],"wp:attachment":[{"href":"https:\/\/linitiative.ca\/International\/wp-json\/wp\/v2\/media?parent=143925"}],"wp:term":[{"taxonomy":"category","embeddable":true,"href":"https:\/\/linitiative.ca\/International\/wp-json\/wp\/v2\/categories?post=143925"},{"taxonomy":"post_tag","embeddable":true,"href":"https:\/\/linitiative.ca\/International\/wp-json\/wp\/v2\/tags?post=143925"}],"curies":[{"name":"wp","href":"https:\/\/api.w.org\/{rel}","templated":true}]}}