{"id":143927,"date":"2022-03-25T07:34:24","date_gmt":"2022-03-25T11:34:24","guid":{"rendered":"https:\/\/linitiative.ca\/International\/ilham-maaroufi-nouvelle-dg-de-realites-afrique\/"},"modified":"2022-03-25T07:34:24","modified_gmt":"2022-03-25T11:34:24","slug":"ilham-maaroufi-nouvelle-dg-de-realites-afrique","status":"publish","type":"post","link":"https:\/\/linitiative.ca\/International\/ilham-maaroufi-nouvelle-dg-de-realites-afrique\/","title":{"rendered":"Ilham Maaroufi, nouvelle DG de REALITES AFRIQUE"},"content":{"rendered":"<div>\n<div class=\"field field-name-body field-type-text-with-summary field-label-hidden\">\n<div class=\"field-items\">\n<div class=\"field-item even\" property=\"content:encoded\">\n<p>Filiale du groupe de d\u00e9veloppement territorial fran\u00e7ais REALITES, REALITES AFRIQUE annonce la nomination de Ilhame Maaroufi au poste de Directeur G\u00e9n\u00e9ral, depuis le 23 f\u00e9vrier 2022.<\/p>\n<p>Implant\u00e9 au Maroc depuis 2018, REALITES avait proc\u00e9d\u00e9 par ailleurs \u00e0 la nomination de Rachid Bennani en juin 2021 en tant que directeur G\u00e9n\u00e9ral de REALITES MA\u00ceTRISE D\u2019OUVRAGE MAROC.<\/p>\n<\/div>\n<\/div>\n<\/div>\n<\/div>\n<p>Auteur: mbasraoui<br \/>\n<a href=\"https:\/\/www.leconomiste.com\/flash-infos\/ilham-maaroufi-nouvelle-dg-de-realites-afrique\">Cliquez ici pour lire l&rsquo;article depuis sa source.<\/a><\/p>\n","protected":false},"excerpt":{"rendered":"<p>Filiale du groupe de d\u00e9veloppement territorial fran\u00e7ais REALITES, REALITES AFRIQUE annonce la nomination de Ilhame Maaroufi au poste de Directeur G\u00e9n\u00e9ral, depuis le 23 f\u00e9vrier 2022. Implant\u00e9 au Maroc depuis 2018, REALITES avait proc\u00e9d\u00e9 par ailleurs \u00e0 la nomination de Rachid Bennani en juin 2021 en tant que directeur G\u00e9n\u00e9ral de REALITES MA\u00ceTRISE D\u2019OUVRAGE MAROC. [&hellip;]<\/p>\n","protected":false},"author":1763,"featured_media":0,"comment_status":"closed","ping_status":"closed","sticky":false,"template":"","format":"standard","meta":{"fifu_image_url":"","fifu_image_alt":"","footnotes":""},"categories":[78,54],"tags":[],"class_list":["post-143927","post","type-post","status-publish","format-standard","hentry","category-economie","category-maroc"],"_links":{"self":[{"href":"https:\/\/linitiative.ca\/International\/wp-json\/wp\/v2\/posts\/143927","targetHints":{"allow":["GET"]}}],"collection":[{"href":"https:\/\/linitiative.ca\/International\/wp-json\/wp\/v2\/posts"}],"about":[{"href":"https:\/\/linitiative.ca\/International\/wp-json\/wp\/v2\/types\/post"}],"author":[{"embeddable":true,"href":"https:\/\/linitiative.ca\/International\/wp-json\/wp\/v2\/users\/1763"}],"replies":[{"embeddable":true,"href":"https:\/\/linitiative.ca\/International\/wp-json\/wp\/v2\/comments?post=143927"}],"version-history":[{"count":0,"href":"https:\/\/linitiative.ca\/International\/wp-json\/wp\/v2\/posts\/143927\/revisions"}],"wp:attachment":[{"href":"https:\/\/linitiative.ca\/International\/wp-json\/wp\/v2\/media?parent=143927"}],"wp:term":[{"taxonomy":"category","embeddable":true,"href":"https:\/\/linitiative.ca\/International\/wp-json\/wp\/v2\/categories?post=143927"},{"taxonomy":"post_tag","embeddable":true,"href":"https:\/\/linitiative.ca\/International\/wp-json\/wp\/v2\/tags?post=143927"}],"curies":[{"name":"wp","href":"https:\/\/api.w.org\/{rel}","templated":true}]}}