{"id":143929,"date":"2022-03-25T11:27:44","date_gmt":"2022-03-25T15:27:44","guid":{"rendered":"https:\/\/linitiative.ca\/International\/fes-un-depute-rni-ecroue-pour-corruption\/"},"modified":"2022-03-25T11:27:44","modified_gmt":"2022-03-25T15:27:44","slug":"fes-un-depute-rni-ecroue-pour-corruption","status":"publish","type":"post","link":"https:\/\/linitiative.ca\/International\/fes-un-depute-rni-ecroue-pour-corruption\/","title":{"rendered":"F\u00e8s: Un d\u00e9put\u00e9 RNI \u00e9crou\u00e9 pour corruption"},"content":{"rendered":"<div>\n<div class=\"field field-name-body field-type-text-with-summary field-label-hidden\">\n<div class=\"field-items\">\n<div class=\"field-item even\" property=\"content:encoded\">\n<p>Rachid El Fayek, d\u00e9put\u00e9 RNI et pr\u00e9sident de la Commune d&rsquo;Ouled Tayeb (pr\u00e9fecture de F\u00e8s), compara\u00eet, ce vendredi 25 mars 2022, devant le Procureur g\u00e9n\u00e9ral, en charge des crimes et d\u00e9lits financiers, pr\u00e8s la Cour d&rsquo;appel de F\u00e8s, pour corruption et constitution de bande criminelle.<\/p>\n<\/div>\n<\/div>\n<\/div>\n<\/div>\n<p>Auteur: leco_web_admin<br \/>\n<a href=\"https:\/\/www.leconomiste.com\/flash-infos\/fes-un-depute-rni-ecroue-pour-corruption\">Cliquez ici pour lire l&rsquo;article depuis sa source.<\/a><\/p>\n","protected":false},"excerpt":{"rendered":"<p>Rachid El Fayek, d\u00e9put\u00e9 RNI et pr\u00e9sident de la Commune d&rsquo;Ouled Tayeb (pr\u00e9fecture de F\u00e8s), compara\u00eet, ce vendredi 25 mars 2022, devant le Procureur g\u00e9n\u00e9ral, en charge des crimes et d\u00e9lits financiers, pr\u00e8s la Cour d&rsquo;appel de F\u00e8s, pour corruption et constitution de bande criminelle. Auteur: leco_web_admin Cliquez ici pour lire l&rsquo;article depuis sa source.<\/p>\n","protected":false},"author":1763,"featured_media":0,"comment_status":"closed","ping_status":"closed","sticky":false,"template":"","format":"standard","meta":{"fifu_image_url":"","fifu_image_alt":"","footnotes":""},"categories":[78,54],"tags":[],"class_list":["post-143929","post","type-post","status-publish","format-standard","hentry","category-economie","category-maroc"],"_links":{"self":[{"href":"https:\/\/linitiative.ca\/International\/wp-json\/wp\/v2\/posts\/143929","targetHints":{"allow":["GET"]}}],"collection":[{"href":"https:\/\/linitiative.ca\/International\/wp-json\/wp\/v2\/posts"}],"about":[{"href":"https:\/\/linitiative.ca\/International\/wp-json\/wp\/v2\/types\/post"}],"author":[{"embeddable":true,"href":"https:\/\/linitiative.ca\/International\/wp-json\/wp\/v2\/users\/1763"}],"replies":[{"embeddable":true,"href":"https:\/\/linitiative.ca\/International\/wp-json\/wp\/v2\/comments?post=143929"}],"version-history":[{"count":0,"href":"https:\/\/linitiative.ca\/International\/wp-json\/wp\/v2\/posts\/143929\/revisions"}],"wp:attachment":[{"href":"https:\/\/linitiative.ca\/International\/wp-json\/wp\/v2\/media?parent=143929"}],"wp:term":[{"taxonomy":"category","embeddable":true,"href":"https:\/\/linitiative.ca\/International\/wp-json\/wp\/v2\/categories?post=143929"},{"taxonomy":"post_tag","embeddable":true,"href":"https:\/\/linitiative.ca\/International\/wp-json\/wp\/v2\/tags?post=143929"}],"curies":[{"name":"wp","href":"https:\/\/api.w.org\/{rel}","templated":true}]}}