{"id":143939,"date":"2022-03-25T07:09:00","date_gmt":"2022-03-25T11:09:00","guid":{"rendered":"https:\/\/linitiative.ca\/International\/les-anciens-de-lidn-planchent-sur-leconomie-bleue-en-tunisie\/"},"modified":"2022-03-25T07:09:00","modified_gmt":"2022-03-25T11:09:00","slug":"les-anciens-de-lidn-planchent-sur-leconomie-bleue-en-tunisie","status":"publish","type":"post","link":"https:\/\/linitiative.ca\/International\/les-anciens-de-lidn-planchent-sur-leconomie-bleue-en-tunisie\/","title":{"rendered":"Les anciens de l\u2019IDN planchent sur l\u2019\u00e9conomie bleue en Tunisie"},"content":{"rendered":"<div><img decoding=\"async\" src=\"https:\/\/linitiative.ca\/International\/wp-content\/uploads\/sites\/23\/2022\/03\/1648202976_article.jpg\" alt=\"Les Anciens de l\u2019Institut de D\u00e9fense Nationale\" align=\"left\">Elaborer une vision nationale pour la mer en tant que levier \u00e9conomique et strat\u00e9gique : c\u2019est le th\u00e8me choisi par l\u2019Association des anciens de l\u2019Institut de D\u00e9fense nationale) (Aaidn) pour le s\u00e9minaire qu\u2019elle organise ce samedi 26 mars. Cr\u00e9\u00e9e en 2015, elle regroupe les auditeurs parmi des officiers g\u00e9n\u00e9raux et sup\u00e9rieurs \u00e0 la retraite, et de hautscadres de l\u2019Etat provenant d\u2019horizons professionnels vari\u00e9s et compl\u00e9mentaires, qui se proposent de mettre, leurs longues exp\u00e9riences et leurs comp\u00e9tences au service du pays. Tout r\u00e9cemment, son premier pr\u00e9sident, B\u00e9chir Mejdoub a pass\u00e9 le t\u00e9moin \u00e0 Nabil Ben Smida.<br \/>\nLe programme du s\u00e9minaire comprend une s\u00e9rie &#8230;<\/p>\n<\/div>\n<p>Auteur:<br \/>\n<a href=\"https:\/\/www.leaders.com.tn\/article\/33133-les-anciens-de-l-institut-de-defense-nationale\">Cliquez ici pour lire l&rsquo;article depuis sa source.<\/a><\/p>\n","protected":false},"excerpt":{"rendered":"<p>Elaborer une vision nationale pour la mer en tant que levier \u00e9conomique et strat\u00e9gique : c\u2019est le th\u00e8me choisi par l\u2019Association des anciens de l\u2019Institut de D\u00e9fense nationale) (Aaidn) pour le s\u00e9minaire qu\u2019elle organise ce samedi 26 mars. Cr\u00e9\u00e9e en 2015, elle regroupe les auditeurs parmi des officiers g\u00e9n\u00e9raux et sup\u00e9rieurs \u00e0 la retraite, et [&hellip;]<\/p>\n","protected":false},"author":1772,"featured_media":0,"comment_status":"closed","ping_status":"closed","sticky":false,"template":"","format":"standard","meta":{"fifu_image_url":"http:\/\/www.leaders.com.tn\/uploads\/content\/thumbnails_small\/1648202976_article.jpg","fifu_image_alt":"Les anciens de l\u2019IDN planchent sur l\u2019\u00e9conomie bleue en Tunisie","footnotes":""},"categories":[73,55],"tags":[],"class_list":["post-143939","post","type-post","status-publish","format-standard","hentry","category-actualite","category-tunisie"],"_links":{"self":[{"href":"https:\/\/linitiative.ca\/International\/wp-json\/wp\/v2\/posts\/143939","targetHints":{"allow":["GET"]}}],"collection":[{"href":"https:\/\/linitiative.ca\/International\/wp-json\/wp\/v2\/posts"}],"about":[{"href":"https:\/\/linitiative.ca\/International\/wp-json\/wp\/v2\/types\/post"}],"author":[{"embeddable":true,"href":"https:\/\/linitiative.ca\/International\/wp-json\/wp\/v2\/users\/1772"}],"replies":[{"embeddable":true,"href":"https:\/\/linitiative.ca\/International\/wp-json\/wp\/v2\/comments?post=143939"}],"version-history":[{"count":0,"href":"https:\/\/linitiative.ca\/International\/wp-json\/wp\/v2\/posts\/143939\/revisions"}],"wp:attachment":[{"href":"https:\/\/linitiative.ca\/International\/wp-json\/wp\/v2\/media?parent=143939"}],"wp:term":[{"taxonomy":"category","embeddable":true,"href":"https:\/\/linitiative.ca\/International\/wp-json\/wp\/v2\/categories?post=143939"},{"taxonomy":"post_tag","embeddable":true,"href":"https:\/\/linitiative.ca\/International\/wp-json\/wp\/v2\/tags?post=143939"}],"curies":[{"name":"wp","href":"https:\/\/api.w.org\/{rel}","templated":true}]}}