{"id":143941,"date":"2022-03-25T07:55:00","date_gmt":"2022-03-25T11:55:00","guid":{"rendered":"https:\/\/linitiative.ca\/International\/lassociation-one-day-one-dream-organise-une-caravane-medicale-pluridisciplinaire-au-profit-des-habitants-de-jendouba\/"},"modified":"2022-03-25T07:55:00","modified_gmt":"2022-03-25T11:55:00","slug":"lassociation-one-day-one-dream-organise-une-caravane-medicale-pluridisciplinaire-au-profit-des-habitants-de-jendouba","status":"publish","type":"post","link":"https:\/\/linitiative.ca\/International\/lassociation-one-day-one-dream-organise-une-caravane-medicale-pluridisciplinaire-au-profit-des-habitants-de-jendouba\/","title":{"rendered":"L\u2019association One Day one Dream organise une caravane m\u00e9dicale pluridisciplinaire au profit des habitants de Jendouba"},"content":{"rendered":"<div><img decoding=\"async\" src=\"https:\/\/linitiative.ca\/International\/wp-content\/uploads\/sites\/23\/2022\/03\/1648206211_article.jpg\" alt=\"L\u2019association One Day one Dream organise une caravane m\u00e9dicale pluridisciplinaire au profit des habitants de Jendouba\" align=\"left\">Le minist\u00e8re de la Sant\u00e9 organise en collaboration avec l&rsquo;association One Day One Dream et le minist\u00e8re du Tourisme, une caravane de sant\u00e9 pluridisciplinaire en faveur des habitants du gouvernorat de Jendouba les samedi 26 et dimanche 27 mars 2022. Cette initiative vise \u00e0 prendre en charge les besoins des habitants de la r\u00e9gion sur le plan sanitaire.<br \/>\nCette action pr\u00e9sente la deuxi\u00e8me \u00e9dition de \u00ab\u00a0Tounessna Labes\u00a0\u00bb qui vise \u00e0 effectuer des consultations et de prodiguer des soins m\u00e9dicaux au profit de plus grand nombre de la population de la r\u00e9gion, soutenue principalement par AMI Assurances, SVR, Teriak, Hikma, Clinique Internationale d\u2019Ophtalmologie, Laboratoires Th\u00e9a, &#8230;<\/p>\n<\/div>\n<p>Auteur:<br \/>\n<a href=\"https:\/\/www.leaders.com.tn\/article\/33134-l-association-one-day-one-dream-organise-une-caravane-medicale-pluridisciplinaire-au-profit-des-habitants-de-jendouba\">Cliquez ici pour lire l&rsquo;article depuis sa source.<\/a><\/p>\n","protected":false},"excerpt":{"rendered":"<p>Le minist\u00e8re de la Sant\u00e9 organise en collaboration avec l&rsquo;association One Day One Dream et le minist\u00e8re du Tourisme, une caravane de sant\u00e9 pluridisciplinaire en faveur des habitants du gouvernorat de Jendouba les samedi 26 et dimanche 27 mars 2022. Cette initiative vise \u00e0 prendre en charge les besoins des habitants de la r\u00e9gion sur [&hellip;]<\/p>\n","protected":false},"author":1772,"featured_media":0,"comment_status":"closed","ping_status":"closed","sticky":false,"template":"","format":"standard","meta":{"fifu_image_url":"http:\/\/www.leaders.com.tn\/uploads\/content\/thumbnails_small\/1648206211_article.jpg","fifu_image_alt":"L\u2019association One Day one Dream organise une caravane m\u00e9dicale pluridisciplinaire au profit des habitants de Jendouba","footnotes":""},"categories":[73,55],"tags":[],"class_list":["post-143941","post","type-post","status-publish","format-standard","hentry","category-actualite","category-tunisie"],"_links":{"self":[{"href":"https:\/\/linitiative.ca\/International\/wp-json\/wp\/v2\/posts\/143941","targetHints":{"allow":["GET"]}}],"collection":[{"href":"https:\/\/linitiative.ca\/International\/wp-json\/wp\/v2\/posts"}],"about":[{"href":"https:\/\/linitiative.ca\/International\/wp-json\/wp\/v2\/types\/post"}],"author":[{"embeddable":true,"href":"https:\/\/linitiative.ca\/International\/wp-json\/wp\/v2\/users\/1772"}],"replies":[{"embeddable":true,"href":"https:\/\/linitiative.ca\/International\/wp-json\/wp\/v2\/comments?post=143941"}],"version-history":[{"count":0,"href":"https:\/\/linitiative.ca\/International\/wp-json\/wp\/v2\/posts\/143941\/revisions"}],"wp:attachment":[{"href":"https:\/\/linitiative.ca\/International\/wp-json\/wp\/v2\/media?parent=143941"}],"wp:term":[{"taxonomy":"category","embeddable":true,"href":"https:\/\/linitiative.ca\/International\/wp-json\/wp\/v2\/categories?post=143941"},{"taxonomy":"post_tag","embeddable":true,"href":"https:\/\/linitiative.ca\/International\/wp-json\/wp\/v2\/tags?post=143941"}],"curies":[{"name":"wp","href":"https:\/\/api.w.org\/{rel}","templated":true}]}}