{"id":143947,"date":"2022-03-25T07:08:28","date_gmt":"2022-03-25T11:08:28","guid":{"rendered":"https:\/\/linitiative.ca\/International\/la-reforme-du-conseil-de-la-concurrence-actee\/"},"modified":"2022-03-25T07:08:28","modified_gmt":"2022-03-25T11:08:28","slug":"la-reforme-du-conseil-de-la-concurrence-actee","status":"publish","type":"post","link":"https:\/\/linitiative.ca\/International\/la-reforme-du-conseil-de-la-concurrence-actee\/","title":{"rendered":"La r\u00e9forme du Conseil de la concurrence act\u00e9e"},"content":{"rendered":"<div><img decoding=\"async\" width=\"780\" height=\"468\" src=\"https:\/\/linitiative.ca\/International\/wp-content\/uploads\/sites\/23\/2022\/03\/Ahmed-Rahhou-President-du-Conseil-de-la-concurrence.jpg\" class=\"attachment-post-thumbnail size-post-thumbnail wp-post-image\" alt=\"\" loading=\"lazy\" srcset=\"https:\/\/linitiative.ca\/International\/wp-content\/uploads\/sites\/23\/2022\/03\/Ahmed-Rahhou-President-du-Conseil-de-la-concurrence.jpg 780w, https:\/\/www.challenge.ma\/wp-content\/uploads\/2022\/01\/Ahmed-Rahhou-President-du-Conseil-de-la-concurrence-300x180.jpg 300w, https:\/\/www.challenge.ma\/wp-content\/uploads\/2022\/01\/Ahmed-Rahhou-President-du-Conseil-de-la-concurrence-768x461.jpg 768w, https:\/\/www.challenge.ma\/wp-content\/uploads\/2022\/01\/Ahmed-Rahhou-President-du-Conseil-de-la-concurrence-360x216.jpg 360w, https:\/\/www.challenge.ma\/wp-content\/uploads\/2022\/01\/Ahmed-Rahhou-President-du-Conseil-de-la-concurrence-750x450.jpg 750w\" sizes=\"auto, (max-width: 780px) 100vw, 780px\" itemprop=\"image\">L\u2019Ex\u00e9cutif acte la r\u00e9forme du Conseil de la concurrence. Le Conseil de gouvernement a en effet approuv\u00e9 le 24 mars le projet de loi n\u00b040.21 modifiant et compl\u00e9tant la loi n\u00b0104.12 relative \u00e0 la libert\u00e9 des prix et de la concurrence. Il s\u2019agit d\u2019un projet de loi qui vise \u00e0<\/div>\n<p>Auteur: challenge<br \/>\n<a href=\"https:\/\/www.challenge.ma\/la-reforme-du-conseil-de-la-concurrence-actee-235343\/\">Cliquez ici pour lire l&rsquo;article depuis sa source.<\/a><\/p>\n","protected":false},"excerpt":{"rendered":"<p>L\u2019Ex\u00e9cutif acte la r\u00e9forme du Conseil de la concurrence. Le Conseil de gouvernement a en effet approuv\u00e9 le 24 mars le projet de loi n\u00b040.21 modifiant et compl\u00e9tant la loi n\u00b0104.12 relative \u00e0 la libert\u00e9 des prix et de la concurrence. Il s\u2019agit d\u2019un projet de loi qui vise \u00e0 Auteur: challenge Cliquez ici pour [&hellip;]<\/p>\n","protected":false},"author":1787,"featured_media":0,"comment_status":"closed","ping_status":"closed","sticky":false,"template":"","format":"standard","meta":{"fifu_image_url":"https:\/\/www.challenge.ma\/wp-content\/uploads\/2022\/01\/Ahmed-Rahhou-President-du-Conseil-de-la-concurrence.jpg","fifu_image_alt":"La r\u00e9forme du Conseil de la concurrence act\u00e9e","footnotes":""},"categories":[78,54],"tags":[],"class_list":["post-143947","post","type-post","status-publish","format-standard","hentry","category-economie","category-maroc"],"_links":{"self":[{"href":"https:\/\/linitiative.ca\/International\/wp-json\/wp\/v2\/posts\/143947","targetHints":{"allow":["GET"]}}],"collection":[{"href":"https:\/\/linitiative.ca\/International\/wp-json\/wp\/v2\/posts"}],"about":[{"href":"https:\/\/linitiative.ca\/International\/wp-json\/wp\/v2\/types\/post"}],"author":[{"embeddable":true,"href":"https:\/\/linitiative.ca\/International\/wp-json\/wp\/v2\/users\/1787"}],"replies":[{"embeddable":true,"href":"https:\/\/linitiative.ca\/International\/wp-json\/wp\/v2\/comments?post=143947"}],"version-history":[{"count":0,"href":"https:\/\/linitiative.ca\/International\/wp-json\/wp\/v2\/posts\/143947\/revisions"}],"wp:attachment":[{"href":"https:\/\/linitiative.ca\/International\/wp-json\/wp\/v2\/media?parent=143947"}],"wp:term":[{"taxonomy":"category","embeddable":true,"href":"https:\/\/linitiative.ca\/International\/wp-json\/wp\/v2\/categories?post=143947"},{"taxonomy":"post_tag","embeddable":true,"href":"https:\/\/linitiative.ca\/International\/wp-json\/wp\/v2\/tags?post=143947"}],"curies":[{"name":"wp","href":"https:\/\/api.w.org\/{rel}","templated":true}]}}