{"id":143949,"date":"2022-03-25T08:15:43","date_gmt":"2022-03-25T12:15:43","guid":{"rendered":"https:\/\/linitiative.ca\/International\/diplomatie-israel-annonce-un-sommet-historique-avec-le-maroc-les-etats-unis-les-emirats-et-bahrain\/"},"modified":"2022-03-25T08:15:43","modified_gmt":"2022-03-25T12:15:43","slug":"diplomatie-israel-annonce-un-sommet-historique-avec-le-maroc-les-etats-unis-les-emirats-et-bahrain","status":"publish","type":"post","link":"https:\/\/linitiative.ca\/International\/diplomatie-israel-annonce-un-sommet-historique-avec-le-maroc-les-etats-unis-les-emirats-et-bahrain\/","title":{"rendered":"Diplomatie. Isra\u00ebl annonce un sommet historique avec le Maroc, les Etats-Unis, les Emirats et Bahrain"},"content":{"rendered":"<div><img decoding=\"async\" width=\"800\" height=\"518\" src=\"https:\/\/linitiative.ca\/International\/wp-content\/uploads\/sites\/23\/2022\/03\/maroc-1.jpeg\" class=\"attachment-post-thumbnail size-post-thumbnail wp-post-image\" alt=\"\" loading=\"lazy\" srcset=\"https:\/\/linitiative.ca\/International\/wp-content\/uploads\/sites\/23\/2022\/03\/maroc-1.jpeg 800w, https:\/\/www.challenge.ma\/wp-content\/uploads\/2022\/03\/maroc-1-300x194.jpeg 300w, https:\/\/www.challenge.ma\/wp-content\/uploads\/2022\/03\/maroc-1-768x497.jpeg 768w, https:\/\/www.challenge.ma\/wp-content\/uploads\/2022\/03\/maroc-1-360x233.jpeg 360w, https:\/\/www.challenge.ma\/wp-content\/uploads\/2022\/03\/maroc-1-750x486.jpeg 750w\" sizes=\"auto, (max-width: 800px) 100vw, 800px\" itemprop=\"image\">Isra\u00ebl a annonc\u00e9 le 25 mars la tenue d\u2019un sommet \u00ab\u00a0historique\u00a0\u00bb \u00e0 l\u2019occasion de la visite pr\u00e9vue du secr\u00e9taire d\u2019Etat am\u00e9ricain Antony Blinken, avec les Emirats arabes unis, le Maroc et Bahre\u00efn, trois pays arabes ayant r\u00e9cemment normalis\u00e9 leurs relations avec l\u2019Etat isra\u00e9lien. \u00ab\u00a0A l\u2019invitation du ministre des Affaires \u00e9trang\u00e8res<\/div>\n<p>Auteur: challenge<br \/>\n<a href=\"https:\/\/www.challenge.ma\/diplomatie-israel-annonce-un-sommet-historique-avec-le-maroc-les-etats-unis-les-emirats-et-bahrain-235349\/\">Cliquez ici pour lire l&rsquo;article depuis sa source.<\/a><\/p>\n","protected":false},"excerpt":{"rendered":"<p>Isra\u00ebl a annonc\u00e9 le 25 mars la tenue d\u2019un sommet \u00ab\u00a0historique\u00a0\u00bb \u00e0 l\u2019occasion de la visite pr\u00e9vue du secr\u00e9taire d\u2019Etat am\u00e9ricain Antony Blinken, avec les Emirats arabes unis, le Maroc et Bahre\u00efn, trois pays arabes ayant r\u00e9cemment normalis\u00e9 leurs relations avec l\u2019Etat isra\u00e9lien. \u00ab\u00a0A l\u2019invitation du ministre des Affaires \u00e9trang\u00e8res Auteur: challenge Cliquez ici pour [&hellip;]<\/p>\n","protected":false},"author":1787,"featured_media":0,"comment_status":"closed","ping_status":"closed","sticky":false,"template":"","format":"standard","meta":{"fifu_image_url":"https:\/\/www.challenge.ma\/wp-content\/uploads\/2022\/03\/maroc-1.jpeg","fifu_image_alt":"Diplomatie. Isra\u00ebl annonce un sommet historique avec le Maroc, les Etats-Unis, les Emirats et Bahrain","footnotes":""},"categories":[78,54],"tags":[],"class_list":["post-143949","post","type-post","status-publish","format-standard","hentry","category-economie","category-maroc"],"_links":{"self":[{"href":"https:\/\/linitiative.ca\/International\/wp-json\/wp\/v2\/posts\/143949","targetHints":{"allow":["GET"]}}],"collection":[{"href":"https:\/\/linitiative.ca\/International\/wp-json\/wp\/v2\/posts"}],"about":[{"href":"https:\/\/linitiative.ca\/International\/wp-json\/wp\/v2\/types\/post"}],"author":[{"embeddable":true,"href":"https:\/\/linitiative.ca\/International\/wp-json\/wp\/v2\/users\/1787"}],"replies":[{"embeddable":true,"href":"https:\/\/linitiative.ca\/International\/wp-json\/wp\/v2\/comments?post=143949"}],"version-history":[{"count":0,"href":"https:\/\/linitiative.ca\/International\/wp-json\/wp\/v2\/posts\/143949\/revisions"}],"wp:attachment":[{"href":"https:\/\/linitiative.ca\/International\/wp-json\/wp\/v2\/media?parent=143949"}],"wp:term":[{"taxonomy":"category","embeddable":true,"href":"https:\/\/linitiative.ca\/International\/wp-json\/wp\/v2\/categories?post=143949"},{"taxonomy":"post_tag","embeddable":true,"href":"https:\/\/linitiative.ca\/International\/wp-json\/wp\/v2\/tags?post=143949"}],"curies":[{"name":"wp","href":"https:\/\/api.w.org\/{rel}","templated":true}]}}